{"id":6569,"date":"2022-04-18T11:59:41","date_gmt":"2022-04-18T11:59:41","guid":{"rendered":"https:\/\/agvcercal.edu.gov.pt\/site\/?p=6569"},"modified":"2022-04-18T12:00:08","modified_gmt":"2022-04-18T12:00:08","slug":"herois-da-fruta-jardim-de-infancia-entre-as-25-escolas-selecionadas","status":"publish","type":"post","link":"https:\/\/agvcercal.edu.gov.pt\/site\/herois-da-fruta-jardim-de-infancia-entre-as-25-escolas-selecionadas\/","title":{"rendered":"Her\u00f3is da Fruta &#8211; Jardim de Inf\u00e2ncia entre as 25 escolas selecionadas"},"content":{"rendered":"<p>O Jardim de Inf\u00e2ncia de Cercal do Alentejo faz parte do lote de 25 escolas selecionadas, das 831 escolas que submeteram o projeto.<\/p>\n<p>Her\u00f3is da Fruta\u00ae \u00e9 uma marca registada pela APCOI &#8211; Associa\u00e7\u00e3o Portuguesa Contra a Obesidade Infantil para dar nome ao seu programa nacional de combate \u00e0 m\u00e1 nutri\u00e7\u00e3o infantil.<\/p>\n<p>Desde 2011 quase meio milh\u00e3o de crian\u00e7as participantes j\u00e1 melhorou os h\u00e1bitos alimentares atrav\u00e9s do m\u00e9todo Her\u00f3is da Fruta\u00ae.<\/p>\n<p dir=\"ltr\">O projeto baseia-se em dedicar cerca de 5 &#8211; 15 minutos di\u00e1rios durante 5 semanas letivas (em datas \u00e0 sua escolha) em que as crian\u00e7as devem ser estimuladas a pintar diariamente estrelas no \u00abPassaporte dos Her\u00f3is da Fruta\u00ae\u00bb como recompensa por praticarem h\u00e1bitos alimentares mais saud\u00e1veis e sustent\u00e1veis. Esta mec\u00e2nica que poder\u00e1 ser mantida tamb\u00e9m em contexto de ensino \u00e0 dist\u00e2ncia.<\/p>\n<p dir=\"ltr\">Quando tivermos mais informa\u00e7\u00f5es publicaremos aqui.<\/p>\n","protected":false},"excerpt":{"rendered":"<p>O Jardim de Inf\u00e2ncia de Cercal do Alentejo faz parte do lote de 25 escolas selecionadas, das 831 escolas que submeteram o projeto. Her\u00f3is da Fruta\u00ae \u00e9 uma marca registada pela APCOI &#8211; Associa\u00e7\u00e3o Portuguesa Contra a Obesidade Infantil para dar nome ao seu programa nacional de combate \u00e0 m\u00e1 nutri\u00e7\u00e3o infantil. Desde 2011 quase [&hellip;]<\/p>\n","protected":false},"author":1,"featured_media":6570,"comment_status":"closed","ping_status":"open","sticky":false,"template":"","format":"standard","meta":{"_jetpack_memberships_contains_paid_content":false,"footnotes":""},"categories":[343],"tags":[344,411,380],"class_list":["post-6569","post","type-post","status-publish","format-standard","has-post-thumbnail","hentry","category-atividades","tag-atividades","tag-herois-da-fruta","tag-jardim-de-infancia"],"jetpack_featured_media_url":"https:\/\/i0.wp.com\/agvcercal.edu.gov.pt\/site\/wp-content\/uploads\/2022\/04\/8b4a7ea3ecafbb8fa3d97b752cf2b591_XL.jpg?fit=900%2C675&ssl=1","jetpack-related-posts":[],"jetpack_sharing_enabled":true,"_links":{"self":[{"href":"https:\/\/agvcercal.edu.gov.pt\/site\/wp-json\/wp\/v2\/posts\/6569","targetHints":{"allow":["GET"]}}],"collection":[{"href":"https:\/\/agvcercal.edu.gov.pt\/site\/wp-json\/wp\/v2\/posts"}],"about":[{"href":"https:\/\/agvcercal.edu.gov.pt\/site\/wp-json\/wp\/v2\/types\/post"}],"author":[{"embeddable":true,"href":"https:\/\/agvcercal.edu.gov.pt\/site\/wp-json\/wp\/v2\/users\/1"}],"replies":[{"embeddable":true,"href":"https:\/\/agvcercal.edu.gov.pt\/site\/wp-json\/wp\/v2\/comments?post=6569"}],"version-history":[{"count":4,"href":"https:\/\/agvcercal.edu.gov.pt\/site\/wp-json\/wp\/v2\/posts\/6569\/revisions"}],"predecessor-version":[{"id":6574,"href":"https:\/\/agvcercal.edu.gov.pt\/site\/wp-json\/wp\/v2\/posts\/6569\/revisions\/6574"}],"wp:featuredmedia":[{"embeddable":true,"href":"https:\/\/agvcercal.edu.gov.pt\/site\/wp-json\/wp\/v2\/media\/6570"}],"wp:attachment":[{"href":"https:\/\/agvcercal.edu.gov.pt\/site\/wp-json\/wp\/v2\/media?parent=6569"}],"wp:term":[{"taxonomy":"category","embeddable":true,"href":"https:\/\/agvcercal.edu.gov.pt\/site\/wp-json\/wp\/v2\/categories?post=6569"},{"taxonomy":"post_tag","embeddable":true,"href":"https:\/\/agvcercal.edu.gov.pt\/site\/wp-json\/wp\/v2\/tags?post=6569"}],"curies":[{"name":"wp","href":"https:\/\/api.w.org\/{rel}","templated":true}]}}