{"id":7088,"date":"2022-11-22T14:36:14","date_gmt":"2022-11-22T14:36:14","guid":{"rendered":"https:\/\/agvcercal.edu.gov.pt\/site\/?p=7088"},"modified":"2022-11-22T14:40:22","modified_gmt":"2022-11-22T14:40:22","slug":"jardim-de-infancia-comemorou-o-33o-aniversario-da-convencao-sobre-os-direitos-da-crianca-com-a-pintura-de-t-shirts","status":"publish","type":"post","link":"https:\/\/agvcercal.edu.gov.pt\/site\/jardim-de-infancia-comemorou-o-33o-aniversario-da-convencao-sobre-os-direitos-da-crianca-com-a-pintura-de-t-shirts\/","title":{"rendered":"Jardim-de-Inf\u00e2ncia comemorou o 33\u00ba anivers\u00e1rio da Conven\u00e7\u00e3o sobre os Direitos da Crian\u00e7a com a pintura de t-shirts"},"content":{"rendered":"<p>Com a parceria estabelecida com a Comiss\u00e3o de Prote\u00e7\u00e3o de Crian\u00e7as e Jovens de Santiago do Cac\u00e9m, as tr\u00eas salas dos Jardim-de-Inf\u00e2ncia de Cercal do Alentejo comemoraram o 33\u00ba anivers\u00e1rio da Conven\u00e7\u00e3o sobre os Direitos das Crian\u00e7as. As crian\u00e7as, em conjunto com as educadoras e as assistentes operacionais, pintaram t-shirts com palavras alusivas ao tema &#8220;Os direitos das crian\u00e7as&#8221;.<\/p>\n<p>Hoje, dia 22 de novembro, e com o apoio da Junta de Freguesia, as t-shirts foram expostas, num grande estendal, no Largo dos Caeiros, para que todos as pudessem ver.<\/p>\n<p>\t\t\t    <a href=\"https:\/\/i0.wp.com\/agvcercal.edu.gov.pt\/site\/wp-content\/uploads\/2022\/11\/TMC_3180.jpg?ssl=1\" border=\"0\" itemprop=\"url\"> <meta itemprop=\"width\" content=\"797\"> <meta itemprop=\"height\" content=\"532\"> <img loading=\"lazy\" decoding=\"async\" data-attachment-id=\"7091\" data-orig-file=\"https:\/\/agvcercal.edu.gov.pt\/site\/wp-content\/uploads\/2022\/11\/TMC_3180.jpg\" data-orig-size=\"1280,854\" data-comments-opened=\"\" data-image-meta=\"{&quot;aperture&quot;:&quot;4&quot;,&quot;credit&quot;:&quot;&quot;,&quot;camera&quot;:&quot;NIKON Z 5&quot;,&quot;caption&quot;:&quot;&quot;,&quot;created_timestamp&quot;:&quot;1669113973&quot;,&quot;copyright&quot;:&quot;&quot;,&quot;focal_length&quot;:&quot;24&quot;,&quot;iso&quot;:&quot;200&quot;,&quot;shutter_speed&quot;:&quot;0.0002&quot;,&quot;title&quot;:&quot;&quot;,&quot;orientation&quot;:&quot;1&quot;}\" data-image-title=\"TMC_3180\" data-image-description=\"\" data-medium-file=\"https:\/\/agvcercal.edu.gov.pt\/site\/wp-content\/uploads\/2022\/11\/TMC_3180-300x300.jpg\" data-large-file=\"https:\/\/agvcercal.edu.gov.pt\/site\/wp-content\/uploads\/2022\/11\/TMC_3180-1024x854.jpg\" src=\"https:\/\/i0.wp.com\/agvcercal.edu.gov.pt\/site\/wp-content\/uploads\/2022\/11\/TMC_3180.jpg?w=797&#038;h=532&#038;ssl=1\" width=\"797\" height=\"532\" data-original-width=\"797\" data-original-height=\"532\" itemprop=\"http:\/\/schema.org\/image\" title=\"TMC_3180\" alt=\"TMC_3180\" style=\"width: 797px; height: 532px;\" \/> <\/a>   <!-- close group -->   <a href=\"https:\/\/i0.wp.com\/agvcercal.edu.gov.pt\/site\/wp-content\/uploads\/2022\/11\/TMC_3184.jpg?ssl=1\" border=\"0\" itemprop=\"url\"> <meta itemprop=\"width\" content=\"395\"> <meta itemprop=\"height\" content=\"264\"> <img loading=\"lazy\" decoding=\"async\" data-attachment-id=\"7092\" data-orig-file=\"https:\/\/agvcercal.edu.gov.pt\/site\/wp-content\/uploads\/2022\/11\/TMC_3184.jpg\" data-orig-size=\"1279,854\" data-comments-opened=\"\" data-image-meta=\"{&quot;aperture&quot;:&quot;4&quot;,&quot;credit&quot;:&quot;&quot;,&quot;camera&quot;:&quot;NIKON Z 5&quot;,&quot;caption&quot;:&quot;&quot;,&quot;created_timestamp&quot;:&quot;1669114028&quot;,&quot;copyright&quot;:&quot;&quot;,&quot;focal_length&quot;:&quot;24&quot;,&quot;iso&quot;:&quot;200&quot;,&quot;shutter_speed&quot;:&quot;0.0002&quot;,&quot;title&quot;:&quot;&quot;,&quot;orientation&quot;:&quot;0&quot;}\" data-image-title=\"TMC_3184\" data-image-description=\"\" data-medium-file=\"https:\/\/agvcercal.edu.gov.pt\/site\/wp-content\/uploads\/2022\/11\/TMC_3184-300x300.jpg\" data-large-file=\"https:\/\/agvcercal.edu.gov.pt\/site\/wp-content\/uploads\/2022\/11\/TMC_3184-1024x854.jpg\" src=\"https:\/\/i0.wp.com\/agvcercal.edu.gov.pt\/site\/wp-content\/uploads\/2022\/11\/TMC_3184.jpg?w=395&#038;h=264&#038;ssl=1\" width=\"395\" height=\"264\" data-original-width=\"395\" data-original-height=\"264\" itemprop=\"http:\/\/schema.org\/image\" title=\"TMC_3184\" alt=\"TMC_3184\" style=\"width: 395px; height: 264px;\" \/> <\/a>   <a href=\"https:\/\/i0.wp.com\/agvcercal.edu.gov.pt\/site\/wp-content\/uploads\/2022\/11\/TMC_3186.jpg?ssl=1\" border=\"0\" itemprop=\"url\"> <meta itemprop=\"width\" content=\"395\"> <meta itemprop=\"height\" content=\"264\"> <img loading=\"lazy\" decoding=\"async\" data-attachment-id=\"7093\" data-orig-file=\"https:\/\/agvcercal.edu.gov.pt\/site\/wp-content\/uploads\/2022\/11\/TMC_3186.jpg\" data-orig-size=\"1280,854\" data-comments-opened=\"\" data-image-meta=\"{&quot;aperture&quot;:&quot;4&quot;,&quot;credit&quot;:&quot;&quot;,&quot;camera&quot;:&quot;NIKON Z 5&quot;,&quot;caption&quot;:&quot;&quot;,&quot;created_timestamp&quot;:&quot;1669114035&quot;,&quot;copyright&quot;:&quot;&quot;,&quot;focal_length&quot;:&quot;24&quot;,&quot;iso&quot;:&quot;200&quot;,&quot;shutter_speed&quot;:&quot;0.00015625&quot;,&quot;title&quot;:&quot;&quot;,&quot;orientation&quot;:&quot;0&quot;}\" data-image-title=\"TMC_3186\" data-image-description=\"\" data-medium-file=\"https:\/\/agvcercal.edu.gov.pt\/site\/wp-content\/uploads\/2022\/11\/TMC_3186-300x300.jpg\" data-large-file=\"https:\/\/agvcercal.edu.gov.pt\/site\/wp-content\/uploads\/2022\/11\/TMC_3186-1024x854.jpg\" src=\"https:\/\/i0.wp.com\/agvcercal.edu.gov.pt\/site\/wp-content\/uploads\/2022\/11\/TMC_3186.jpg?w=395&#038;h=264&#038;ssl=1\" width=\"395\" height=\"264\" data-original-width=\"395\" data-original-height=\"264\" itemprop=\"http:\/\/schema.org\/image\" title=\"TMC_3186\" alt=\"TMC_3186\" style=\"width: 395px; height: 264px;\" \/> <\/a>   <!-- close group -->  <!-- close row -->    <a href=\"https:\/\/i0.wp.com\/agvcercal.edu.gov.pt\/site\/wp-content\/uploads\/2022\/11\/TMC_3187.jpg?ssl=1\" border=\"0\" itemprop=\"url\"> <meta itemprop=\"width\" content=\"396\"> <meta itemprop=\"height\" content=\"264\"> <img loading=\"lazy\" decoding=\"async\" data-attachment-id=\"7094\" data-orig-file=\"https:\/\/agvcercal.edu.gov.pt\/site\/wp-content\/uploads\/2022\/11\/TMC_3187.jpg\" data-orig-size=\"1280,854\" data-comments-opened=\"\" data-image-meta=\"{&quot;aperture&quot;:&quot;4&quot;,&quot;credit&quot;:&quot;&quot;,&quot;camera&quot;:&quot;NIKON Z 5&quot;,&quot;caption&quot;:&quot;&quot;,&quot;created_timestamp&quot;:&quot;1669114051&quot;,&quot;copyright&quot;:&quot;&quot;,&quot;focal_length&quot;:&quot;24&quot;,&quot;iso&quot;:&quot;200&quot;,&quot;shutter_speed&quot;:&quot;0.00015625&quot;,&quot;title&quot;:&quot;&quot;,&quot;orientation&quot;:&quot;0&quot;}\" data-image-title=\"TMC_3187\" data-image-description=\"\" data-medium-file=\"https:\/\/agvcercal.edu.gov.pt\/site\/wp-content\/uploads\/2022\/11\/TMC_3187-300x300.jpg\" data-large-file=\"https:\/\/agvcercal.edu.gov.pt\/site\/wp-content\/uploads\/2022\/11\/TMC_3187-1024x854.jpg\" src=\"https:\/\/i0.wp.com\/agvcercal.edu.gov.pt\/site\/wp-content\/uploads\/2022\/11\/TMC_3187.jpg?w=396&#038;h=264&#038;ssl=1\" width=\"396\" height=\"264\" data-original-width=\"396\" data-original-height=\"264\" itemprop=\"http:\/\/schema.org\/image\" title=\"TMC_3187\" alt=\"TMC_3187\" style=\"width: 396px; height: 264px;\" \/> <\/a>   <!-- close group -->   <a href=\"https:\/\/i1.wp.com\/agvcercal.edu.gov.pt\/site\/wp-content\/uploads\/2022\/11\/TMC_3188.jpg?ssl=1\" border=\"0\" itemprop=\"url\"> <meta itemprop=\"width\" content=\"396\"> <meta itemprop=\"height\" content=\"264\"> <img loading=\"lazy\" decoding=\"async\" data-attachment-id=\"7095\" data-orig-file=\"https:\/\/agvcercal.edu.gov.pt\/site\/wp-content\/uploads\/2022\/11\/TMC_3188.jpg\" data-orig-size=\"1279,854\" data-comments-opened=\"\" data-image-meta=\"{&quot;aperture&quot;:&quot;4&quot;,&quot;credit&quot;:&quot;&quot;,&quot;camera&quot;:&quot;NIKON Z 5&quot;,&quot;caption&quot;:&quot;&quot;,&quot;created_timestamp&quot;:&quot;1669114078&quot;,&quot;copyright&quot;:&quot;&quot;,&quot;focal_length&quot;:&quot;24&quot;,&quot;iso&quot;:&quot;200&quot;,&quot;shutter_speed&quot;:&quot;0.00015625&quot;,&quot;title&quot;:&quot;&quot;,&quot;orientation&quot;:&quot;0&quot;}\" data-image-title=\"TMC_3188\" data-image-description=\"\" data-medium-file=\"https:\/\/agvcercal.edu.gov.pt\/site\/wp-content\/uploads\/2022\/11\/TMC_3188-300x300.jpg\" data-large-file=\"https:\/\/agvcercal.edu.gov.pt\/site\/wp-content\/uploads\/2022\/11\/TMC_3188-1024x854.jpg\" src=\"https:\/\/i1.wp.com\/agvcercal.edu.gov.pt\/site\/wp-content\/uploads\/2022\/11\/TMC_3188.jpg?w=396&#038;h=264&#038;ssl=1\" width=\"396\" height=\"264\" data-original-width=\"396\" data-original-height=\"264\" itemprop=\"http:\/\/schema.org\/image\" title=\"TMC_3188\" alt=\"TMC_3188\" style=\"width: 396px; height: 264px;\" \/> <\/a>   <!-- close group -->   <a href=\"https:\/\/i1.wp.com\/agvcercal.edu.gov.pt\/site\/wp-content\/uploads\/2022\/11\/TMC_3196-1.jpg?ssl=1\" border=\"0\" itemprop=\"url\"> <meta itemprop=\"width\" content=\"396\"> <meta itemprop=\"height\" content=\"264\"> <img loading=\"lazy\" decoding=\"async\" data-attachment-id=\"7096\" data-orig-file=\"https:\/\/agvcercal.edu.gov.pt\/site\/wp-content\/uploads\/2022\/11\/TMC_3196-1.jpg\" data-orig-size=\"1279,854\" data-comments-opened=\"\" data-image-meta=\"{&quot;aperture&quot;:&quot;4&quot;,&quot;credit&quot;:&quot;&quot;,&quot;camera&quot;:&quot;NIKON Z 5&quot;,&quot;caption&quot;:&quot;&quot;,&quot;created_timestamp&quot;:&quot;1669114188&quot;,&quot;copyright&quot;:&quot;&quot;,&quot;focal_length&quot;:&quot;24&quot;,&quot;iso&quot;:&quot;200&quot;,&quot;shutter_speed&quot;:&quot;0.00015625&quot;,&quot;title&quot;:&quot;&quot;,&quot;orientation&quot;:&quot;0&quot;}\" data-image-title=\"TMC_3196\" data-image-description=\"\" data-medium-file=\"https:\/\/agvcercal.edu.gov.pt\/site\/wp-content\/uploads\/2022\/11\/TMC_3196-1-300x300.jpg\" data-large-file=\"https:\/\/agvcercal.edu.gov.pt\/site\/wp-content\/uploads\/2022\/11\/TMC_3196-1-1024x854.jpg\" src=\"https:\/\/i1.wp.com\/agvcercal.edu.gov.pt\/site\/wp-content\/uploads\/2022\/11\/TMC_3196-1.jpg?w=396&#038;h=264&#038;ssl=1\" width=\"396\" height=\"264\" data-original-width=\"396\" data-original-height=\"264\" itemprop=\"http:\/\/schema.org\/image\" title=\"TMC_3196\" alt=\"TMC_3196\" style=\"width: 396px; height: 264px;\" \/> <\/a>   <!-- close group -->  <!-- close row -->    <a href=\"https:\/\/i0.wp.com\/agvcercal.edu.gov.pt\/site\/wp-content\/uploads\/2022\/11\/TMC_3197.jpg?ssl=1\" border=\"0\" itemprop=\"url\"> <meta itemprop=\"width\" content=\"596\"> <meta itemprop=\"height\" content=\"398\"> <img loading=\"lazy\" decoding=\"async\" data-attachment-id=\"7097\" data-orig-file=\"https:\/\/agvcercal.edu.gov.pt\/site\/wp-content\/uploads\/2022\/11\/TMC_3197.jpg\" data-orig-size=\"1280,854\" data-comments-opened=\"\" data-image-meta=\"{&quot;aperture&quot;:&quot;4&quot;,&quot;credit&quot;:&quot;&quot;,&quot;camera&quot;:&quot;NIKON Z 5&quot;,&quot;caption&quot;:&quot;&quot;,&quot;created_timestamp&quot;:&quot;1669114192&quot;,&quot;copyright&quot;:&quot;&quot;,&quot;focal_length&quot;:&quot;24&quot;,&quot;iso&quot;:&quot;200&quot;,&quot;shutter_speed&quot;:&quot;0.00015625&quot;,&quot;title&quot;:&quot;&quot;,&quot;orientation&quot;:&quot;0&quot;}\" data-image-title=\"TMC_3197\" data-image-description=\"\" data-medium-file=\"https:\/\/agvcercal.edu.gov.pt\/site\/wp-content\/uploads\/2022\/11\/TMC_3197-300x300.jpg\" data-large-file=\"https:\/\/agvcercal.edu.gov.pt\/site\/wp-content\/uploads\/2022\/11\/TMC_3197-1024x854.jpg\" src=\"https:\/\/i0.wp.com\/agvcercal.edu.gov.pt\/site\/wp-content\/uploads\/2022\/11\/TMC_3197.jpg?w=596&#038;h=398&#038;ssl=1\" width=\"596\" height=\"398\" data-original-width=\"596\" data-original-height=\"398\" itemprop=\"http:\/\/schema.org\/image\" title=\"TMC_3197\" alt=\"TMC_3197\" style=\"width: 596px; height: 398px;\" \/> <\/a>   <!-- close group -->   <a href=\"https:\/\/i1.wp.com\/agvcercal.edu.gov.pt\/site\/wp-content\/uploads\/2022\/11\/TMC_3201.jpg?ssl=1\" border=\"0\" itemprop=\"url\"> <meta itemprop=\"width\" content=\"596\"> <meta itemprop=\"height\" content=\"398\"> <img loading=\"lazy\" decoding=\"async\" data-attachment-id=\"7098\" data-orig-file=\"https:\/\/agvcercal.edu.gov.pt\/site\/wp-content\/uploads\/2022\/11\/TMC_3201.jpg\" data-orig-size=\"1280,854\" data-comments-opened=\"\" data-image-meta=\"{&quot;aperture&quot;:&quot;4&quot;,&quot;credit&quot;:&quot;&quot;,&quot;camera&quot;:&quot;NIKON Z 5&quot;,&quot;caption&quot;:&quot;&quot;,&quot;created_timestamp&quot;:&quot;1669114234&quot;,&quot;copyright&quot;:&quot;&quot;,&quot;focal_length&quot;:&quot;24&quot;,&quot;iso&quot;:&quot;200&quot;,&quot;shutter_speed&quot;:&quot;0.00015625&quot;,&quot;title&quot;:&quot;&quot;,&quot;orientation&quot;:&quot;0&quot;}\" data-image-title=\"TMC_3201\" data-image-description=\"\" data-medium-file=\"https:\/\/agvcercal.edu.gov.pt\/site\/wp-content\/uploads\/2022\/11\/TMC_3201-300x300.jpg\" data-large-file=\"https:\/\/agvcercal.edu.gov.pt\/site\/wp-content\/uploads\/2022\/11\/TMC_3201-1024x854.jpg\" src=\"https:\/\/i1.wp.com\/agvcercal.edu.gov.pt\/site\/wp-content\/uploads\/2022\/11\/TMC_3201.jpg?w=596&#038;h=398&#038;ssl=1\" width=\"596\" height=\"398\" data-original-width=\"596\" data-original-height=\"398\" itemprop=\"http:\/\/schema.org\/image\" title=\"TMC_3201\" alt=\"TMC_3201\" style=\"width: 596px; height: 398px;\" \/> <\/a>   <!-- close group -->  <!-- close row --><\/p>\n","protected":false},"excerpt":{"rendered":"<p>Com a parceria estabelecida com a Comiss\u00e3o de Prote\u00e7\u00e3o de Crian\u00e7as e Jovens de Santiago do Cac\u00e9m, as tr\u00eas salas dos Jardim-de-Inf\u00e2ncia de Cercal do Alentejo comemoraram o 33\u00ba anivers\u00e1rio da Conven\u00e7\u00e3o sobre os Direitos das Crian\u00e7as. As crian\u00e7as, em conjunto com as educadoras e as assistentes operacionais, pintaram t-shirts com palavras alusivas ao tema [&hellip;]<\/p>\n","protected":false},"author":1,"featured_media":7089,"comment_status":"closed","ping_status":"open","sticky":false,"template":"","format":"standard","meta":{"_jetpack_memberships_contains_paid_content":false,"footnotes":""},"categories":[343],"tags":[344,445,444,380,446],"class_list":["post-7088","post","type-post","status-publish","format-standard","has-post-thumbnail","hentry","category-atividades","tag-atividades","tag-cpcj-de-santiago","tag-direitos-da-crianca","tag-jardim-de-infancia","tag-pintura-de-t-shirts"],"jetpack_featured_media_url":"https:\/\/i0.wp.com\/agvcercal.edu.gov.pt\/site\/wp-content\/uploads\/2022\/11\/TMC_3196.jpg?fit=1279%2C854&ssl=1","jetpack-related-posts":[],"jetpack_sharing_enabled":true,"_links":{"self":[{"href":"https:\/\/agvcercal.edu.gov.pt\/site\/wp-json\/wp\/v2\/posts\/7088","targetHints":{"allow":["GET"]}}],"collection":[{"href":"https:\/\/agvcercal.edu.gov.pt\/site\/wp-json\/wp\/v2\/posts"}],"about":[{"href":"https:\/\/agvcercal.edu.gov.pt\/site\/wp-json\/wp\/v2\/types\/post"}],"author":[{"embeddable":true,"href":"https:\/\/agvcercal.edu.gov.pt\/site\/wp-json\/wp\/v2\/users\/1"}],"replies":[{"embeddable":true,"href":"https:\/\/agvcercal.edu.gov.pt\/site\/wp-json\/wp\/v2\/comments?post=7088"}],"version-history":[{"count":4,"href":"https:\/\/agvcercal.edu.gov.pt\/site\/wp-json\/wp\/v2\/posts\/7088\/revisions"}],"predecessor-version":[{"id":7101,"href":"https:\/\/agvcercal.edu.gov.pt\/site\/wp-json\/wp\/v2\/posts\/7088\/revisions\/7101"}],"wp:featuredmedia":[{"embeddable":true,"href":"https:\/\/agvcercal.edu.gov.pt\/site\/wp-json\/wp\/v2\/media\/7089"}],"wp:attachment":[{"href":"https:\/\/agvcercal.edu.gov.pt\/site\/wp-json\/wp\/v2\/media?parent=7088"}],"wp:term":[{"taxonomy":"category","embeddable":true,"href":"https:\/\/agvcercal.edu.gov.pt\/site\/wp-json\/wp\/v2\/categories?post=7088"},{"taxonomy":"post_tag","embeddable":true,"href":"https:\/\/agvcercal.edu.gov.pt\/site\/wp-json\/wp\/v2\/tags?post=7088"}],"curies":[{"name":"wp","href":"https:\/\/api.w.org\/{rel}","templated":true}]}}