{"id":7102,"date":"2022-11-23T11:43:24","date_gmt":"2022-11-23T11:43:24","guid":{"rendered":"https:\/\/agvcercal.edu.gov.pt\/site\/?p=7102"},"modified":"2022-11-23T12:35:59","modified_gmt":"2022-11-23T12:35:59","slug":"dia-do-pijama-no-jardim-de-infancia","status":"publish","type":"post","link":"https:\/\/agvcercal.edu.gov.pt\/site\/dia-do-pijama-no-jardim-de-infancia\/","title":{"rendered":"Dia do Pijama no Jardim-de-Inf\u00e2ncia"},"content":{"rendered":"<p>As crian\u00e7as do Jardim-de-inf\u00e2ncia e do 1.\u00ba ano celebraram no dia 21 de novembro o dia nacional do pijama. Este \u00e9 um dia em que lembramos que &#8220;uma crian\u00e7a tem direito a crescer numa fam\u00edlia&#8221;. \u00c9 um dia educativo e solid\u00e1rio feito por crian\u00e7as que ajudam outras crian\u00e7as! Foram dinamizadas algumas atividades como a recolha de donativos e realiza\u00e7\u00e3o da dan\u00e7a\/can\u00e7\u00e3o da miss\u00e3o pijama.\u00a0<\/p>\n<p>Somos uma escola pijama, somos uma escola de abra\u00e7os!<\/p>\n<p>Elisabete, C\u00e9lia, Irene e Patr\u00edcia\u00a0<\/p>\n<p>\t\t\t    <a href=\"https:\/\/i2.wp.com\/agvcercal.edu.gov.pt\/site\/wp-content\/uploads\/2022\/11\/20221121_111750.jpg?ssl=1\" border=\"0\" itemprop=\"url\"> <meta itemprop=\"width\" content=\"204\"> <meta itemprop=\"height\" content=\"272\"> <img loading=\"lazy\" decoding=\"async\" data-attachment-id=\"7105\" data-orig-file=\"https:\/\/agvcercal.edu.gov.pt\/site\/wp-content\/uploads\/2022\/11\/20221121_111750.jpg\" data-orig-size=\"854,1139\" data-comments-opened=\"\" data-image-meta=\"{&quot;aperture&quot;:&quot;1.8&quot;,&quot;credit&quot;:&quot;&quot;,&quot;camera&quot;:&quot;SM-A415F&quot;,&quot;caption&quot;:&quot;&quot;,&quot;created_timestamp&quot;:&quot;1669029470&quot;,&quot;copyright&quot;:&quot;&quot;,&quot;focal_length&quot;:&quot;4.65&quot;,&quot;iso&quot;:&quot;100&quot;,&quot;shutter_speed&quot;:&quot;0.02&quot;,&quot;title&quot;:&quot;&quot;,&quot;orientation&quot;:&quot;1&quot;}\" data-image-title=\"20221121_111750\" data-image-description=\"\" data-medium-file=\"https:\/\/agvcercal.edu.gov.pt\/site\/wp-content\/uploads\/2022\/11\/20221121_111750-300x300.jpg\" data-large-file=\"https:\/\/agvcercal.edu.gov.pt\/site\/wp-content\/uploads\/2022\/11\/20221121_111750-854x1024.jpg\" src=\"https:\/\/i2.wp.com\/agvcercal.edu.gov.pt\/site\/wp-content\/uploads\/2022\/11\/20221121_111750.jpg?w=204&#038;h=272&#038;ssl=1\" width=\"204\" height=\"272\" data-original-width=\"204\" data-original-height=\"272\" itemprop=\"http:\/\/schema.org\/image\" title=\"20221121_111750\" alt=\"20221121_111750\" style=\"width: 204px; height: 272px;\" \/> <\/a>   <!-- close group -->   <a href=\"https:\/\/i2.wp.com\/agvcercal.edu.gov.pt\/site\/wp-content\/uploads\/2022\/11\/20221121_112730.jpg?ssl=1\" border=\"0\" itemprop=\"url\"> <meta itemprop=\"width\" content=\"204\"> <meta itemprop=\"height\" content=\"272\"> <img loading=\"lazy\" decoding=\"async\" data-attachment-id=\"7106\" data-orig-file=\"https:\/\/agvcercal.edu.gov.pt\/site\/wp-content\/uploads\/2022\/11\/20221121_112730.jpg\" data-orig-size=\"854,1139\" data-comments-opened=\"\" data-image-meta=\"{&quot;aperture&quot;:&quot;1.8&quot;,&quot;credit&quot;:&quot;&quot;,&quot;camera&quot;:&quot;SM-A415F&quot;,&quot;caption&quot;:&quot;&quot;,&quot;created_timestamp&quot;:&quot;1669030050&quot;,&quot;copyright&quot;:&quot;&quot;,&quot;focal_length&quot;:&quot;4.65&quot;,&quot;iso&quot;:&quot;200&quot;,&quot;shutter_speed&quot;:&quot;0.02&quot;,&quot;title&quot;:&quot;&quot;,&quot;orientation&quot;:&quot;1&quot;}\" data-image-title=\"20221121_112730\" data-image-description=\"\" data-medium-file=\"https:\/\/agvcercal.edu.gov.pt\/site\/wp-content\/uploads\/2022\/11\/20221121_112730-300x300.jpg\" data-large-file=\"https:\/\/agvcercal.edu.gov.pt\/site\/wp-content\/uploads\/2022\/11\/20221121_112730-854x1024.jpg\" src=\"https:\/\/i2.wp.com\/agvcercal.edu.gov.pt\/site\/wp-content\/uploads\/2022\/11\/20221121_112730.jpg?w=204&#038;h=272&#038;ssl=1\" width=\"204\" height=\"272\" data-original-width=\"204\" data-original-height=\"272\" itemprop=\"http:\/\/schema.org\/image\" title=\"20221121_112730\" alt=\"20221121_112730\" style=\"width: 204px; height: 272px;\" \/> <\/a>   <!-- close group -->   <a href=\"https:\/\/i1.wp.com\/agvcercal.edu.gov.pt\/site\/wp-content\/uploads\/2022\/11\/20221121_154725.jpg?ssl=1\" border=\"0\" itemprop=\"url\"> <meta itemprop=\"width\" content=\"363\"> <meta itemprop=\"height\" content=\"272\"> <img loading=\"lazy\" decoding=\"async\" data-attachment-id=\"7107\" data-orig-file=\"https:\/\/agvcercal.edu.gov.pt\/site\/wp-content\/uploads\/2022\/11\/20221121_154725.jpg\" data-orig-size=\"1139,854\" data-comments-opened=\"\" data-image-meta=\"{&quot;aperture&quot;:&quot;1.8&quot;,&quot;credit&quot;:&quot;&quot;,&quot;camera&quot;:&quot;SM-A415F&quot;,&quot;caption&quot;:&quot;&quot;,&quot;created_timestamp&quot;:&quot;1669045645&quot;,&quot;copyright&quot;:&quot;&quot;,&quot;focal_length&quot;:&quot;4.65&quot;,&quot;iso&quot;:&quot;320&quot;,&quot;shutter_speed&quot;:&quot;0.02&quot;,&quot;title&quot;:&quot;&quot;,&quot;orientation&quot;:&quot;1&quot;}\" data-image-title=\"20221121_154725\" data-image-description=\"\" data-medium-file=\"https:\/\/agvcercal.edu.gov.pt\/site\/wp-content\/uploads\/2022\/11\/20221121_154725-300x300.jpg\" data-large-file=\"https:\/\/agvcercal.edu.gov.pt\/site\/wp-content\/uploads\/2022\/11\/20221121_154725-1024x854.jpg\" src=\"https:\/\/i1.wp.com\/agvcercal.edu.gov.pt\/site\/wp-content\/uploads\/2022\/11\/20221121_154725.jpg?w=363&#038;h=272&#038;ssl=1\" width=\"363\" height=\"272\" data-original-width=\"363\" data-original-height=\"272\" itemprop=\"http:\/\/schema.org\/image\" title=\"20221121_154725\" alt=\"20221121_154725\" style=\"width: 363px; height: 272px;\" \/> <\/a>   <!-- close group -->   <a href=\"https:\/\/i1.wp.com\/agvcercal.edu.gov.pt\/site\/wp-content\/uploads\/2022\/11\/Image2.jpeg?ssl=1\" border=\"0\" itemprop=\"url\"> <meta itemprop=\"width\" content=\"205\"> <meta itemprop=\"height\" content=\"272\"> <img loading=\"lazy\" decoding=\"async\" data-attachment-id=\"7108\" data-orig-file=\"https:\/\/agvcercal.edu.gov.pt\/site\/wp-content\/uploads\/2022\/11\/Image2.jpeg\" data-orig-size=\"1080,1440\" data-comments-opened=\"\" data-image-meta=\"{&quot;aperture&quot;:&quot;0&quot;,&quot;credit&quot;:&quot;&quot;,&quot;camera&quot;:&quot;&quot;,&quot;caption&quot;:&quot;&quot;,&quot;created_timestamp&quot;:&quot;0&quot;,&quot;copyright&quot;:&quot;&quot;,&quot;focal_length&quot;:&quot;0&quot;,&quot;iso&quot;:&quot;0&quot;,&quot;shutter_speed&quot;:&quot;0&quot;,&quot;title&quot;:&quot;&quot;,&quot;orientation&quot;:&quot;1&quot;}\" data-image-title=\"Image2\" data-image-description=\"\" data-medium-file=\"https:\/\/agvcercal.edu.gov.pt\/site\/wp-content\/uploads\/2022\/11\/Image2-300x300.jpeg\" data-large-file=\"https:\/\/agvcercal.edu.gov.pt\/site\/wp-content\/uploads\/2022\/11\/Image2-1024x1024.jpeg\" src=\"https:\/\/i1.wp.com\/agvcercal.edu.gov.pt\/site\/wp-content\/uploads\/2022\/11\/Image2.jpeg?w=205&#038;h=272&#038;ssl=1\" width=\"205\" height=\"272\" data-original-width=\"205\" data-original-height=\"272\" itemprop=\"http:\/\/schema.org\/image\" title=\"Image2\" alt=\"Image2\" style=\"width: 205px; height: 272px;\" \/> <\/a>   <!-- close group -->   <a href=\"https:\/\/i1.wp.com\/agvcercal.edu.gov.pt\/site\/wp-content\/uploads\/2022\/11\/Image3.jpeg?ssl=1\" border=\"0\" itemprop=\"url\"> <meta itemprop=\"width\" content=\"204\"> <meta itemprop=\"height\" content=\"272\"> <img loading=\"lazy\" decoding=\"async\" data-attachment-id=\"7109\" data-orig-file=\"https:\/\/agvcercal.edu.gov.pt\/site\/wp-content\/uploads\/2022\/11\/Image3.jpeg\" data-orig-size=\"1080,1440\" data-comments-opened=\"\" data-image-meta=\"{&quot;aperture&quot;:&quot;0&quot;,&quot;credit&quot;:&quot;&quot;,&quot;camera&quot;:&quot;&quot;,&quot;caption&quot;:&quot;&quot;,&quot;created_timestamp&quot;:&quot;0&quot;,&quot;copyright&quot;:&quot;&quot;,&quot;focal_length&quot;:&quot;0&quot;,&quot;iso&quot;:&quot;0&quot;,&quot;shutter_speed&quot;:&quot;0&quot;,&quot;title&quot;:&quot;&quot;,&quot;orientation&quot;:&quot;1&quot;}\" data-image-title=\"Image3\" data-image-description=\"\" data-medium-file=\"https:\/\/agvcercal.edu.gov.pt\/site\/wp-content\/uploads\/2022\/11\/Image3-300x300.jpeg\" data-large-file=\"https:\/\/agvcercal.edu.gov.pt\/site\/wp-content\/uploads\/2022\/11\/Image3-1024x1024.jpeg\" src=\"https:\/\/i1.wp.com\/agvcercal.edu.gov.pt\/site\/wp-content\/uploads\/2022\/11\/Image3.jpeg?w=204&#038;h=272&#038;ssl=1\" width=\"204\" height=\"272\" data-original-width=\"204\" data-original-height=\"272\" itemprop=\"http:\/\/schema.org\/image\" title=\"Image3\" alt=\"Image3\" style=\"width: 204px; height: 272px;\" \/> <\/a>   <!-- close group -->  <!-- close row --><\/p>\n","protected":false},"excerpt":{"rendered":"<p>As crian\u00e7as do Jardim-de-inf\u00e2ncia e do 1.\u00ba ano celebraram no dia 21 de novembro o dia nacional do pijama. Este \u00e9 um dia em que lembramos que &#8220;uma crian\u00e7a tem direito a crescer numa fam\u00edlia&#8221;. \u00c9 um dia educativo e solid\u00e1rio feito por crian\u00e7as que ajudam outras crian\u00e7as! Foram dinamizadas algumas atividades como a recolha [&hellip;]<\/p>\n","protected":false},"author":1,"featured_media":7103,"comment_status":"closed","ping_status":"open","sticky":false,"template":"","format":"standard","meta":{"_jetpack_memberships_contains_paid_content":false,"footnotes":""},"categories":[343],"tags":[344,447,380],"class_list":["post-7102","post","type-post","status-publish","format-standard","has-post-thumbnail","hentry","category-atividades","tag-atividades","tag-dia-do-pijama","tag-jardim-de-infancia"],"jetpack_featured_media_url":"https:\/\/i0.wp.com\/agvcercal.edu.gov.pt\/site\/wp-content\/uploads\/2022\/11\/Image1.jpeg?fit=1500%2C2000&ssl=1","jetpack-related-posts":[],"jetpack_sharing_enabled":true,"_links":{"self":[{"href":"https:\/\/agvcercal.edu.gov.pt\/site\/wp-json\/wp\/v2\/posts\/7102","targetHints":{"allow":["GET"]}}],"collection":[{"href":"https:\/\/agvcercal.edu.gov.pt\/site\/wp-json\/wp\/v2\/posts"}],"about":[{"href":"https:\/\/agvcercal.edu.gov.pt\/site\/wp-json\/wp\/v2\/types\/post"}],"author":[{"embeddable":true,"href":"https:\/\/agvcercal.edu.gov.pt\/site\/wp-json\/wp\/v2\/users\/1"}],"replies":[{"embeddable":true,"href":"https:\/\/agvcercal.edu.gov.pt\/site\/wp-json\/wp\/v2\/comments?post=7102"}],"version-history":[{"count":7,"href":"https:\/\/agvcercal.edu.gov.pt\/site\/wp-json\/wp\/v2\/posts\/7102\/revisions"}],"predecessor-version":[{"id":7147,"href":"https:\/\/agvcercal.edu.gov.pt\/site\/wp-json\/wp\/v2\/posts\/7102\/revisions\/7147"}],"wp:featuredmedia":[{"embeddable":true,"href":"https:\/\/agvcercal.edu.gov.pt\/site\/wp-json\/wp\/v2\/media\/7103"}],"wp:attachment":[{"href":"https:\/\/agvcercal.edu.gov.pt\/site\/wp-json\/wp\/v2\/media?parent=7102"}],"wp:term":[{"taxonomy":"category","embeddable":true,"href":"https:\/\/agvcercal.edu.gov.pt\/site\/wp-json\/wp\/v2\/categories?post=7102"},{"taxonomy":"post_tag","embeddable":true,"href":"https:\/\/agvcercal.edu.gov.pt\/site\/wp-json\/wp\/v2\/tags?post=7102"}],"curies":[{"name":"wp","href":"https:\/\/api.w.org\/{rel}","templated":true}]}}