{"id":7639,"date":"2023-09-13T18:32:16","date_gmt":"2023-09-13T18:32:16","guid":{"rendered":"https:\/\/agvcercal.edu.gov.pt\/site\/?p=7639"},"modified":"2023-09-13T18:35:24","modified_gmt":"2023-09-13T18:35:24","slug":"comunidade-reuniu-se-para-entrega-dos-premios-de-merito-2023","status":"publish","type":"post","link":"https:\/\/agvcercal.edu.gov.pt\/site\/comunidade-reuniu-se-para-entrega-dos-premios-de-merito-2023\/","title":{"rendered":"Comunidade reuniu-se para entrega dos Pr\u00e9mios de M\u00e9rito 2023"},"content":{"rendered":"<p>Dia 13 de setembro foi o dia que escolhemos para iniciar o ano letivo. Como normalmente acontece, os alunos e pais foram recebidos pelo Diretor do Agrupamento, Professor Tiago Canhoto, onde foram prestadas algumas informa\u00e7\u00f5es sobre o in\u00edcio do ano letivo e para a entrega dos pr\u00e9mios referentes ao Departamento de Matem\u00e1tica, Problema do M\u00eas e Canguru Matem\u00e1tico, e do Departamento de Express\u00f5es, dos torneios das modalidades realizadas ao longo do ano. Por fim, foram entregues os Pr\u00e9mios de M\u00e9rito Escolar, por Aproveitamento Escolar e por Forma\u00e7\u00e3o Humana e os Pr\u00e9mios de M\u00e9rito da Funda\u00e7\u00e3o Caixa Agr\u00edcola Costa Azul. Agradecemos aos nossos patrocinadores a ajuda que nos prestaram e agradecer a presen\u00e7a do Sr. Presidente da C\u00e2mara, Dr. \u00c1lvaro Beijinha, da Sra. Vereadora da Educa\u00e7\u00e3o, Dra. S\u00f3nia Gon\u00e7alves, do Presidente da Junta de Cercal do Alentejo, S\u00e9rgio&nbsp; Santiago e do Presidente da Funda\u00e7\u00e3o Caixa Agr\u00edcola, Sr. Jorge Nunes.<\/p>\n<p>A todos os premiados, os nossos parab\u00e9ns!!!<\/p>\n<p>\t\t\t    <a href=\"https:\/\/i0.wp.com\/agvcercal.edu.gov.pt\/site\/wp-content\/uploads\/2023\/09\/DSC_8955.jpg?ssl=1\" border=\"0\" itemprop=\"url\"> <meta itemprop=\"width\" content=\"797\"> <meta itemprop=\"height\" content=\"531\"> <img loading=\"lazy\" decoding=\"async\" data-attachment-id=\"7641\" data-orig-file=\"https:\/\/agvcercal.edu.gov.pt\/site\/wp-content\/uploads\/2023\/09\/DSC_8955.jpg\" data-orig-size=\"1280,853\" data-comments-opened=\"\" data-image-meta=\"{&quot;aperture&quot;:&quot;3.5&quot;,&quot;credit&quot;:&quot;&quot;,&quot;camera&quot;:&quot;NIKON D7100&quot;,&quot;caption&quot;:&quot;&quot;,&quot;created_timestamp&quot;:&quot;1694599199&quot;,&quot;copyright&quot;:&quot;&quot;,&quot;focal_length&quot;:&quot;18&quot;,&quot;iso&quot;:&quot;1000&quot;,&quot;shutter_speed&quot;:&quot;0.016666666666667&quot;,&quot;title&quot;:&quot;&quot;,&quot;orientation&quot;:&quot;0&quot;}\" data-image-title=\"DSC_8955\" data-image-description=\"\" data-medium-file=\"https:\/\/agvcercal.edu.gov.pt\/site\/wp-content\/uploads\/2023\/09\/DSC_8955-300x300.jpg\" data-large-file=\"https:\/\/agvcercal.edu.gov.pt\/site\/wp-content\/uploads\/2023\/09\/DSC_8955-1024x853.jpg\" src=\"https:\/\/i0.wp.com\/agvcercal.edu.gov.pt\/site\/wp-content\/uploads\/2023\/09\/DSC_8955.jpg?w=797&#038;h=531&#038;ssl=1\" width=\"797\" height=\"531\" data-original-width=\"797\" data-original-height=\"531\" itemprop=\"http:\/\/schema.org\/image\" title=\"DSC_8955\" alt=\"DSC_8955\" style=\"width: 797px; height: 531px;\" \/> <\/a>   <!-- close group -->   <a href=\"https:\/\/i0.wp.com\/agvcercal.edu.gov.pt\/site\/wp-content\/uploads\/2023\/09\/DSC_8966.jpg?ssl=1\" border=\"0\" itemprop=\"url\"> <meta itemprop=\"width\" content=\"395\"> <meta itemprop=\"height\" content=\"264\"> <img loading=\"lazy\" decoding=\"async\" data-attachment-id=\"7642\" data-orig-file=\"https:\/\/agvcercal.edu.gov.pt\/site\/wp-content\/uploads\/2023\/09\/DSC_8966.jpg\" data-orig-size=\"1280,853\" data-comments-opened=\"\" data-image-meta=\"{&quot;aperture&quot;:&quot;3.8&quot;,&quot;credit&quot;:&quot;&quot;,&quot;camera&quot;:&quot;NIKON D7100&quot;,&quot;caption&quot;:&quot;&quot;,&quot;created_timestamp&quot;:&quot;1694600059&quot;,&quot;copyright&quot;:&quot;&quot;,&quot;focal_length&quot;:&quot;22&quot;,&quot;iso&quot;:&quot;900&quot;,&quot;shutter_speed&quot;:&quot;0.016666666666667&quot;,&quot;title&quot;:&quot;&quot;,&quot;orientation&quot;:&quot;0&quot;}\" data-image-title=\"DSC_8966\" data-image-description=\"\" data-medium-file=\"https:\/\/agvcercal.edu.gov.pt\/site\/wp-content\/uploads\/2023\/09\/DSC_8966-300x300.jpg\" data-large-file=\"https:\/\/agvcercal.edu.gov.pt\/site\/wp-content\/uploads\/2023\/09\/DSC_8966-1024x853.jpg\" src=\"https:\/\/i0.wp.com\/agvcercal.edu.gov.pt\/site\/wp-content\/uploads\/2023\/09\/DSC_8966.jpg?w=395&#038;h=264&#038;ssl=1\" width=\"395\" height=\"264\" data-original-width=\"395\" data-original-height=\"264\" itemprop=\"http:\/\/schema.org\/image\" title=\"DSC_8966\" alt=\"DSC_8966\" style=\"width: 395px; height: 264px;\" \/> <\/a>   <a href=\"https:\/\/i0.wp.com\/agvcercal.edu.gov.pt\/site\/wp-content\/uploads\/2023\/09\/DSC_8972.jpg?ssl=1\" border=\"0\" itemprop=\"url\"> <meta itemprop=\"width\" content=\"395\"> <meta itemprop=\"height\" content=\"263\"> <img loading=\"lazy\" decoding=\"async\" data-attachment-id=\"7643\" data-orig-file=\"https:\/\/agvcercal.edu.gov.pt\/site\/wp-content\/uploads\/2023\/09\/DSC_8972.jpg\" data-orig-size=\"1280,853\" data-comments-opened=\"\" data-image-meta=\"{&quot;aperture&quot;:&quot;3.5&quot;,&quot;credit&quot;:&quot;&quot;,&quot;camera&quot;:&quot;NIKON D7100&quot;,&quot;caption&quot;:&quot;&quot;,&quot;created_timestamp&quot;:&quot;1694600361&quot;,&quot;copyright&quot;:&quot;&quot;,&quot;focal_length&quot;:&quot;18&quot;,&quot;iso&quot;:&quot;720&quot;,&quot;shutter_speed&quot;:&quot;0.016666666666667&quot;,&quot;title&quot;:&quot;&quot;,&quot;orientation&quot;:&quot;0&quot;}\" data-image-title=\"DSC_8972\" data-image-description=\"\" data-medium-file=\"https:\/\/agvcercal.edu.gov.pt\/site\/wp-content\/uploads\/2023\/09\/DSC_8972-300x300.jpg\" data-large-file=\"https:\/\/agvcercal.edu.gov.pt\/site\/wp-content\/uploads\/2023\/09\/DSC_8972-1024x853.jpg\" src=\"https:\/\/i0.wp.com\/agvcercal.edu.gov.pt\/site\/wp-content\/uploads\/2023\/09\/DSC_8972.jpg?w=395&#038;h=263&#038;ssl=1\" width=\"395\" height=\"263\" data-original-width=\"395\" data-original-height=\"263\" itemprop=\"http:\/\/schema.org\/image\" title=\"DSC_8972\" alt=\"DSC_8972\" style=\"width: 395px; height: 263px;\" \/> <\/a>   <!-- close group -->  <!-- close row -->    <a href=\"https:\/\/i0.wp.com\/agvcercal.edu.gov.pt\/site\/wp-content\/uploads\/2023\/09\/DSC_8979.jpg?ssl=1\" border=\"0\" itemprop=\"url\"> <meta itemprop=\"width\" content=\"396\"> <meta itemprop=\"height\" content=\"264\"> <img loading=\"lazy\" decoding=\"async\" data-attachment-id=\"7644\" data-orig-file=\"https:\/\/agvcercal.edu.gov.pt\/site\/wp-content\/uploads\/2023\/09\/DSC_8979.jpg\" data-orig-size=\"1280,853\" data-comments-opened=\"\" data-image-meta=\"{&quot;aperture&quot;:&quot;3.8&quot;,&quot;credit&quot;:&quot;&quot;,&quot;camera&quot;:&quot;NIKON D7100&quot;,&quot;caption&quot;:&quot;&quot;,&quot;created_timestamp&quot;:&quot;1694600482&quot;,&quot;copyright&quot;:&quot;&quot;,&quot;focal_length&quot;:&quot;22&quot;,&quot;iso&quot;:&quot;720&quot;,&quot;shutter_speed&quot;:&quot;0.016666666666667&quot;,&quot;title&quot;:&quot;&quot;,&quot;orientation&quot;:&quot;0&quot;}\" data-image-title=\"DSC_8979\" data-image-description=\"\" data-medium-file=\"https:\/\/agvcercal.edu.gov.pt\/site\/wp-content\/uploads\/2023\/09\/DSC_8979-300x300.jpg\" data-large-file=\"https:\/\/agvcercal.edu.gov.pt\/site\/wp-content\/uploads\/2023\/09\/DSC_8979-1024x853.jpg\" src=\"https:\/\/i0.wp.com\/agvcercal.edu.gov.pt\/site\/wp-content\/uploads\/2023\/09\/DSC_8979.jpg?w=396&#038;h=264&#038;ssl=1\" width=\"396\" height=\"264\" data-original-width=\"396\" data-original-height=\"264\" itemprop=\"http:\/\/schema.org\/image\" title=\"DSC_8979\" alt=\"DSC_8979\" style=\"width: 396px; height: 264px;\" \/> <\/a>   <!-- close group -->   <a href=\"https:\/\/i0.wp.com\/agvcercal.edu.gov.pt\/site\/wp-content\/uploads\/2023\/09\/DSC_8980.jpg?ssl=1\" border=\"0\" itemprop=\"url\"> <meta itemprop=\"width\" content=\"396\"> <meta itemprop=\"height\" content=\"264\"> <img loading=\"lazy\" decoding=\"async\" data-attachment-id=\"7645\" data-orig-file=\"https:\/\/agvcercal.edu.gov.pt\/site\/wp-content\/uploads\/2023\/09\/DSC_8980.jpg\" data-orig-size=\"1280,853\" data-comments-opened=\"\" data-image-meta=\"{&quot;aperture&quot;:&quot;3.5&quot;,&quot;credit&quot;:&quot;&quot;,&quot;camera&quot;:&quot;NIKON D7100&quot;,&quot;caption&quot;:&quot;&quot;,&quot;created_timestamp&quot;:&quot;1694600540&quot;,&quot;copyright&quot;:&quot;&quot;,&quot;focal_length&quot;:&quot;18&quot;,&quot;iso&quot;:&quot;900&quot;,&quot;shutter_speed&quot;:&quot;0.016666666666667&quot;,&quot;title&quot;:&quot;&quot;,&quot;orientation&quot;:&quot;0&quot;}\" data-image-title=\"DSC_8980\" data-image-description=\"\" data-medium-file=\"https:\/\/agvcercal.edu.gov.pt\/site\/wp-content\/uploads\/2023\/09\/DSC_8980-300x300.jpg\" data-large-file=\"https:\/\/agvcercal.edu.gov.pt\/site\/wp-content\/uploads\/2023\/09\/DSC_8980-1024x853.jpg\" src=\"https:\/\/i0.wp.com\/agvcercal.edu.gov.pt\/site\/wp-content\/uploads\/2023\/09\/DSC_8980.jpg?w=396&#038;h=264&#038;ssl=1\" width=\"396\" height=\"264\" data-original-width=\"396\" data-original-height=\"264\" itemprop=\"http:\/\/schema.org\/image\" title=\"DSC_8980\" alt=\"DSC_8980\" style=\"width: 396px; height: 264px;\" \/> <\/a>   <!-- close group -->   <a href=\"https:\/\/i0.wp.com\/agvcercal.edu.gov.pt\/site\/wp-content\/uploads\/2023\/09\/DSC_8986.jpg?ssl=1\" border=\"0\" itemprop=\"url\"> <meta itemprop=\"width\" content=\"396\"> <meta itemprop=\"height\" content=\"264\"> <img loading=\"lazy\" decoding=\"async\" data-attachment-id=\"7646\" data-orig-file=\"https:\/\/agvcercal.edu.gov.pt\/site\/wp-content\/uploads\/2023\/09\/DSC_8986.jpg\" data-orig-size=\"1280,853\" data-comments-opened=\"\" data-image-meta=\"{&quot;aperture&quot;:&quot;3.8&quot;,&quot;credit&quot;:&quot;&quot;,&quot;camera&quot;:&quot;NIKON D7100&quot;,&quot;caption&quot;:&quot;&quot;,&quot;created_timestamp&quot;:&quot;1694600597&quot;,&quot;copyright&quot;:&quot;&quot;,&quot;focal_length&quot;:&quot;22&quot;,&quot;iso&quot;:&quot;720&quot;,&quot;shutter_speed&quot;:&quot;0.016666666666667&quot;,&quot;title&quot;:&quot;&quot;,&quot;orientation&quot;:&quot;0&quot;}\" data-image-title=\"DSC_8986\" data-image-description=\"\" data-medium-file=\"https:\/\/agvcercal.edu.gov.pt\/site\/wp-content\/uploads\/2023\/09\/DSC_8986-300x300.jpg\" data-large-file=\"https:\/\/agvcercal.edu.gov.pt\/site\/wp-content\/uploads\/2023\/09\/DSC_8986-1024x853.jpg\" src=\"https:\/\/i0.wp.com\/agvcercal.edu.gov.pt\/site\/wp-content\/uploads\/2023\/09\/DSC_8986.jpg?w=396&#038;h=264&#038;ssl=1\" width=\"396\" height=\"264\" data-original-width=\"396\" data-original-height=\"264\" itemprop=\"http:\/\/schema.org\/image\" title=\"DSC_8986\" alt=\"DSC_8986\" style=\"width: 396px; height: 264px;\" \/> <\/a>   <!-- close group -->  <!-- close row -->    <a href=\"https:\/\/i0.wp.com\/agvcercal.edu.gov.pt\/site\/wp-content\/uploads\/2023\/09\/DSC_8991.jpg?ssl=1\" border=\"0\" itemprop=\"url\"> <meta itemprop=\"width\" content=\"395\"> <meta itemprop=\"height\" content=\"264\"> <img loading=\"lazy\" decoding=\"async\" data-attachment-id=\"7647\" data-orig-file=\"https:\/\/agvcercal.edu.gov.pt\/site\/wp-content\/uploads\/2023\/09\/DSC_8991.jpg\" data-orig-size=\"1280,853\" data-comments-opened=\"\" data-image-meta=\"{&quot;aperture&quot;:&quot;4.2&quot;,&quot;credit&quot;:&quot;&quot;,&quot;camera&quot;:&quot;NIKON D7100&quot;,&quot;caption&quot;:&quot;&quot;,&quot;created_timestamp&quot;:&quot;1694600659&quot;,&quot;copyright&quot;:&quot;&quot;,&quot;focal_length&quot;:&quot;32&quot;,&quot;iso&quot;:&quot;1250&quot;,&quot;shutter_speed&quot;:&quot;0.016666666666667&quot;,&quot;title&quot;:&quot;&quot;,&quot;orientation&quot;:&quot;0&quot;}\" data-image-title=\"DSC_8991\" data-image-description=\"\" data-medium-file=\"https:\/\/agvcercal.edu.gov.pt\/site\/wp-content\/uploads\/2023\/09\/DSC_8991-300x300.jpg\" data-large-file=\"https:\/\/agvcercal.edu.gov.pt\/site\/wp-content\/uploads\/2023\/09\/DSC_8991-1024x853.jpg\" src=\"https:\/\/i0.wp.com\/agvcercal.edu.gov.pt\/site\/wp-content\/uploads\/2023\/09\/DSC_8991.jpg?w=395&#038;h=264&#038;ssl=1\" width=\"395\" height=\"264\" data-original-width=\"395\" data-original-height=\"264\" itemprop=\"http:\/\/schema.org\/image\" title=\"DSC_8991\" alt=\"DSC_8991\" style=\"width: 395px; height: 264px;\" \/> <\/a>   <a href=\"https:\/\/i0.wp.com\/agvcercal.edu.gov.pt\/site\/wp-content\/uploads\/2023\/09\/DSC_8995.jpg?ssl=1\" border=\"0\" itemprop=\"url\"> <meta itemprop=\"width\" content=\"395\"> <meta itemprop=\"height\" content=\"263\"> <img loading=\"lazy\" decoding=\"async\" data-attachment-id=\"7648\" data-orig-file=\"https:\/\/agvcercal.edu.gov.pt\/site\/wp-content\/uploads\/2023\/09\/DSC_8995.jpg\" data-orig-size=\"1280,853\" data-comments-opened=\"\" data-image-meta=\"{&quot;aperture&quot;:&quot;3.8&quot;,&quot;credit&quot;:&quot;&quot;,&quot;camera&quot;:&quot;NIKON D7100&quot;,&quot;caption&quot;:&quot;&quot;,&quot;created_timestamp&quot;:&quot;1694600727&quot;,&quot;copyright&quot;:&quot;&quot;,&quot;focal_length&quot;:&quot;22&quot;,&quot;iso&quot;:&quot;800&quot;,&quot;shutter_speed&quot;:&quot;0.016666666666667&quot;,&quot;title&quot;:&quot;&quot;,&quot;orientation&quot;:&quot;0&quot;}\" data-image-title=\"DSC_8995\" data-image-description=\"\" data-medium-file=\"https:\/\/agvcercal.edu.gov.pt\/site\/wp-content\/uploads\/2023\/09\/DSC_8995-300x300.jpg\" data-large-file=\"https:\/\/agvcercal.edu.gov.pt\/site\/wp-content\/uploads\/2023\/09\/DSC_8995-1024x853.jpg\" src=\"https:\/\/i0.wp.com\/agvcercal.edu.gov.pt\/site\/wp-content\/uploads\/2023\/09\/DSC_8995.jpg?w=395&#038;h=263&#038;ssl=1\" width=\"395\" height=\"263\" data-original-width=\"395\" data-original-height=\"263\" itemprop=\"http:\/\/schema.org\/image\" title=\"DSC_8995\" alt=\"DSC_8995\" style=\"width: 395px; height: 263px;\" \/> <\/a>   <!-- close group -->   <a href=\"https:\/\/i0.wp.com\/agvcercal.edu.gov.pt\/site\/wp-content\/uploads\/2023\/09\/DSC_8998.jpg?ssl=1\" border=\"0\" itemprop=\"url\"> <meta itemprop=\"width\" content=\"797\"> <meta itemprop=\"height\" content=\"531\"> <img loading=\"lazy\" decoding=\"async\" data-attachment-id=\"7649\" data-orig-file=\"https:\/\/agvcercal.edu.gov.pt\/site\/wp-content\/uploads\/2023\/09\/DSC_8998.jpg\" data-orig-size=\"1280,853\" data-comments-opened=\"\" data-image-meta=\"{&quot;aperture&quot;:&quot;4&quot;,&quot;credit&quot;:&quot;&quot;,&quot;camera&quot;:&quot;NIKON D7100&quot;,&quot;caption&quot;:&quot;&quot;,&quot;created_timestamp&quot;:&quot;1694600783&quot;,&quot;copyright&quot;:&quot;&quot;,&quot;focal_length&quot;:&quot;26&quot;,&quot;iso&quot;:&quot;720&quot;,&quot;shutter_speed&quot;:&quot;0.016666666666667&quot;,&quot;title&quot;:&quot;&quot;,&quot;orientation&quot;:&quot;0&quot;}\" data-image-title=\"DSC_8998\" data-image-description=\"\" data-medium-file=\"https:\/\/agvcercal.edu.gov.pt\/site\/wp-content\/uploads\/2023\/09\/DSC_8998-300x300.jpg\" data-large-file=\"https:\/\/agvcercal.edu.gov.pt\/site\/wp-content\/uploads\/2023\/09\/DSC_8998-1024x853.jpg\" src=\"https:\/\/i0.wp.com\/agvcercal.edu.gov.pt\/site\/wp-content\/uploads\/2023\/09\/DSC_8998.jpg?w=797&#038;h=531&#038;ssl=1\" width=\"797\" height=\"531\" data-original-width=\"797\" data-original-height=\"531\" itemprop=\"http:\/\/schema.org\/image\" title=\"DSC_8998\" alt=\"DSC_8998\" style=\"width: 797px; height: 531px;\" \/> <\/a>   <!-- close group -->  <!-- close row -->    <a href=\"https:\/\/i0.wp.com\/agvcercal.edu.gov.pt\/site\/wp-content\/uploads\/2023\/09\/DSC_9002.jpg?ssl=1\" border=\"0\" itemprop=\"url\"> <meta itemprop=\"width\" content=\"296\"> <meta itemprop=\"height\" content=\"197\"> <img loading=\"lazy\" decoding=\"async\" data-attachment-id=\"7650\" data-orig-file=\"https:\/\/agvcercal.edu.gov.pt\/site\/wp-content\/uploads\/2023\/09\/DSC_9002.jpg\" data-orig-size=\"1280,853\" data-comments-opened=\"\" data-image-meta=\"{&quot;aperture&quot;:&quot;4&quot;,&quot;credit&quot;:&quot;&quot;,&quot;camera&quot;:&quot;NIKON D7100&quot;,&quot;caption&quot;:&quot;&quot;,&quot;created_timestamp&quot;:&quot;1694600881&quot;,&quot;copyright&quot;:&quot;&quot;,&quot;focal_length&quot;:&quot;26&quot;,&quot;iso&quot;:&quot;640&quot;,&quot;shutter_speed&quot;:&quot;0.016666666666667&quot;,&quot;title&quot;:&quot;&quot;,&quot;orientation&quot;:&quot;0&quot;}\" data-image-title=\"DSC_9002\" data-image-description=\"\" data-medium-file=\"https:\/\/agvcercal.edu.gov.pt\/site\/wp-content\/uploads\/2023\/09\/DSC_9002-300x300.jpg\" data-large-file=\"https:\/\/agvcercal.edu.gov.pt\/site\/wp-content\/uploads\/2023\/09\/DSC_9002-1024x853.jpg\" src=\"https:\/\/i0.wp.com\/agvcercal.edu.gov.pt\/site\/wp-content\/uploads\/2023\/09\/DSC_9002.jpg?w=296&#038;h=197&#038;ssl=1\" width=\"296\" height=\"197\" data-original-width=\"296\" data-original-height=\"197\" itemprop=\"http:\/\/schema.org\/image\" title=\"DSC_9002\" alt=\"DSC_9002\" style=\"width: 296px; height: 197px;\" \/> <\/a>   <!-- close group -->   <a href=\"https:\/\/i0.wp.com\/agvcercal.edu.gov.pt\/site\/wp-content\/uploads\/2023\/09\/DSC_9004-1.jpg?ssl=1\" border=\"0\" itemprop=\"url\"> <meta itemprop=\"width\" content=\"296\"> <meta itemprop=\"height\" content=\"197\"> <img loading=\"lazy\" decoding=\"async\" data-attachment-id=\"7651\" data-orig-file=\"https:\/\/agvcercal.edu.gov.pt\/site\/wp-content\/uploads\/2023\/09\/DSC_9004-1.jpg\" data-orig-size=\"1280,853\" data-comments-opened=\"\" data-image-meta=\"{&quot;aperture&quot;:&quot;3.5&quot;,&quot;credit&quot;:&quot;&quot;,&quot;camera&quot;:&quot;NIKON D7100&quot;,&quot;caption&quot;:&quot;&quot;,&quot;created_timestamp&quot;:&quot;1694601696&quot;,&quot;copyright&quot;:&quot;&quot;,&quot;focal_length&quot;:&quot;18&quot;,&quot;iso&quot;:&quot;720&quot;,&quot;shutter_speed&quot;:&quot;0.016666666666667&quot;,&quot;title&quot;:&quot;&quot;,&quot;orientation&quot;:&quot;0&quot;}\" data-image-title=\"DSC_9004\" data-image-description=\"\" data-medium-file=\"https:\/\/agvcercal.edu.gov.pt\/site\/wp-content\/uploads\/2023\/09\/DSC_9004-1-300x300.jpg\" data-large-file=\"https:\/\/agvcercal.edu.gov.pt\/site\/wp-content\/uploads\/2023\/09\/DSC_9004-1-1024x853.jpg\" src=\"https:\/\/i0.wp.com\/agvcercal.edu.gov.pt\/site\/wp-content\/uploads\/2023\/09\/DSC_9004-1.jpg?w=296&#038;h=197&#038;ssl=1\" width=\"296\" height=\"197\" data-original-width=\"296\" data-original-height=\"197\" itemprop=\"http:\/\/schema.org\/image\" title=\"DSC_9004\" alt=\"DSC_9004\" style=\"width: 296px; height: 197px;\" \/> <\/a>   <!-- close group -->   <a href=\"https:\/\/i0.wp.com\/agvcercal.edu.gov.pt\/site\/wp-content\/uploads\/2023\/09\/DSC_9010.jpg?ssl=1\" border=\"0\" itemprop=\"url\"> <meta itemprop=\"width\" content=\"296\"> <meta itemprop=\"height\" content=\"197\"> <img loading=\"lazy\" decoding=\"async\" data-attachment-id=\"7652\" data-orig-file=\"https:\/\/agvcercal.edu.gov.pt\/site\/wp-content\/uploads\/2023\/09\/DSC_9010.jpg\" data-orig-size=\"1280,853\" data-comments-opened=\"\" data-image-meta=\"{&quot;aperture&quot;:&quot;4.2&quot;,&quot;credit&quot;:&quot;&quot;,&quot;camera&quot;:&quot;NIKON D7100&quot;,&quot;caption&quot;:&quot;&quot;,&quot;created_timestamp&quot;:&quot;1694601833&quot;,&quot;copyright&quot;:&quot;&quot;,&quot;focal_length&quot;:&quot;38&quot;,&quot;iso&quot;:&quot;1600&quot;,&quot;shutter_speed&quot;:&quot;0.016666666666667&quot;,&quot;title&quot;:&quot;&quot;,&quot;orientation&quot;:&quot;0&quot;}\" data-image-title=\"DSC_9010\" data-image-description=\"\" data-medium-file=\"https:\/\/agvcercal.edu.gov.pt\/site\/wp-content\/uploads\/2023\/09\/DSC_9010-300x300.jpg\" data-large-file=\"https:\/\/agvcercal.edu.gov.pt\/site\/wp-content\/uploads\/2023\/09\/DSC_9010-1024x853.jpg\" src=\"https:\/\/i0.wp.com\/agvcercal.edu.gov.pt\/site\/wp-content\/uploads\/2023\/09\/DSC_9010.jpg?w=296&#038;h=197&#038;ssl=1\" width=\"296\" height=\"197\" data-original-width=\"296\" data-original-height=\"197\" itemprop=\"http:\/\/schema.org\/image\" title=\"DSC_9010\" alt=\"DSC_9010\" style=\"width: 296px; height: 197px;\" \/> <\/a>   <!-- close group -->   <a href=\"https:\/\/i0.wp.com\/agvcercal.edu.gov.pt\/site\/wp-content\/uploads\/2023\/09\/DSC_9015.jpg?ssl=1\" border=\"0\" itemprop=\"url\"> <meta itemprop=\"width\" content=\"296\"> <meta itemprop=\"height\" content=\"197\"> <img loading=\"lazy\" decoding=\"async\" data-attachment-id=\"7653\" data-orig-file=\"https:\/\/agvcercal.edu.gov.pt\/site\/wp-content\/uploads\/2023\/09\/DSC_9015.jpg\" data-orig-size=\"1280,853\" data-comments-opened=\"\" data-image-meta=\"{&quot;aperture&quot;:&quot;3.8&quot;,&quot;credit&quot;:&quot;&quot;,&quot;camera&quot;:&quot;NIKON D7100&quot;,&quot;caption&quot;:&quot;&quot;,&quot;created_timestamp&quot;:&quot;1694602075&quot;,&quot;copyright&quot;:&quot;&quot;,&quot;focal_length&quot;:&quot;22&quot;,&quot;iso&quot;:&quot;720&quot;,&quot;shutter_speed&quot;:&quot;0.016666666666667&quot;,&quot;title&quot;:&quot;&quot;,&quot;orientation&quot;:&quot;0&quot;}\" data-image-title=\"DSC_9015\" data-image-description=\"\" data-medium-file=\"https:\/\/agvcercal.edu.gov.pt\/site\/wp-content\/uploads\/2023\/09\/DSC_9015-300x300.jpg\" data-large-file=\"https:\/\/agvcercal.edu.gov.pt\/site\/wp-content\/uploads\/2023\/09\/DSC_9015-1024x853.jpg\" src=\"https:\/\/i0.wp.com\/agvcercal.edu.gov.pt\/site\/wp-content\/uploads\/2023\/09\/DSC_9015.jpg?w=296&#038;h=197&#038;ssl=1\" width=\"296\" height=\"197\" data-original-width=\"296\" data-original-height=\"197\" itemprop=\"http:\/\/schema.org\/image\" title=\"DSC_9015\" alt=\"DSC_9015\" style=\"width: 296px; height: 197px;\" \/> <\/a>   <!-- close group -->  <!-- close row --><\/p>\n","protected":false},"excerpt":{"rendered":"<p>Dia 13 de setembro foi o dia que escolhemos para iniciar o ano letivo. Como normalmente acontece, os alunos e pais foram recebidos pelo Diretor do Agrupamento, Professor Tiago Canhoto, onde foram prestadas algumas informa\u00e7\u00f5es sobre o in\u00edcio do ano letivo e para a entrega dos pr\u00e9mios referentes ao Departamento de Matem\u00e1tica, Problema do M\u00eas [&hellip;]<\/p>\n","protected":false},"author":1,"featured_media":7633,"comment_status":"closed","ping_status":"open","sticky":false,"template":"","format":"standard","meta":{"_jetpack_memberships_contains_paid_content":false,"footnotes":""},"categories":[343],"tags":[428,344,394,429],"class_list":["post-7639","post","type-post","status-publish","format-standard","has-post-thumbnail","hentry","category-atividades","tag-abertura-do-ano-letivo","tag-atividades","tag-premios-de-merito","tag-rececao-a-comunidade"],"jetpack_featured_media_url":"https:\/\/i0.wp.com\/agvcercal.edu.gov.pt\/site\/wp-content\/uploads\/2023\/09\/DSC_9004.jpg?fit=1280%2C853&ssl=1","jetpack-related-posts":[],"jetpack_sharing_enabled":true,"_links":{"self":[{"href":"https:\/\/agvcercal.edu.gov.pt\/site\/wp-json\/wp\/v2\/posts\/7639","targetHints":{"allow":["GET"]}}],"collection":[{"href":"https:\/\/agvcercal.edu.gov.pt\/site\/wp-json\/wp\/v2\/posts"}],"about":[{"href":"https:\/\/agvcercal.edu.gov.pt\/site\/wp-json\/wp\/v2\/types\/post"}],"author":[{"embeddable":true,"href":"https:\/\/agvcercal.edu.gov.pt\/site\/wp-json\/wp\/v2\/users\/1"}],"replies":[{"embeddable":true,"href":"https:\/\/agvcercal.edu.gov.pt\/site\/wp-json\/wp\/v2\/comments?post=7639"}],"version-history":[{"count":7,"href":"https:\/\/agvcercal.edu.gov.pt\/site\/wp-json\/wp\/v2\/posts\/7639\/revisions"}],"predecessor-version":[{"id":7659,"href":"https:\/\/agvcercal.edu.gov.pt\/site\/wp-json\/wp\/v2\/posts\/7639\/revisions\/7659"}],"wp:featuredmedia":[{"embeddable":true,"href":"https:\/\/agvcercal.edu.gov.pt\/site\/wp-json\/wp\/v2\/media\/7633"}],"wp:attachment":[{"href":"https:\/\/agvcercal.edu.gov.pt\/site\/wp-json\/wp\/v2\/media?parent=7639"}],"wp:term":[{"taxonomy":"category","embeddable":true,"href":"https:\/\/agvcercal.edu.gov.pt\/site\/wp-json\/wp\/v2\/categories?post=7639"},{"taxonomy":"post_tag","embeddable":true,"href":"https:\/\/agvcercal.edu.gov.pt\/site\/wp-json\/wp\/v2\/tags?post=7639"}],"curies":[{"name":"wp","href":"https:\/\/api.w.org\/{rel}","templated":true}]}}