{"id":7883,"date":"2024-01-04T11:32:47","date_gmt":"2024-01-04T11:32:47","guid":{"rendered":"https:\/\/agvcercal.edu.gov.pt\/site\/?p=7883"},"modified":"2024-01-04T11:37:43","modified_gmt":"2024-01-04T11:37:43","slug":"turmas-do-6o-ano-apresentaram-para-os-colegas-do-4o-ao-9o-ano-o-nosso-1-o-de-dezembro","status":"publish","type":"post","link":"https:\/\/agvcercal.edu.gov.pt\/site\/turmas-do-6o-ano-apresentaram-para-os-colegas-do-4o-ao-9o-ano-o-nosso-1-o-de-dezembro\/","title":{"rendered":"Turmas do 6\u00ba ano apresentaram para os colegas do 4\u00ba ao 9\u00ba ano, &#8220;O nosso 1.\u00ba de Dezembro&#8221;"},"content":{"rendered":"<p>No in\u00edcio do m\u00eas de Dezembro as duas turmas do 6.\u00ba ano representaram para os colegas do 4.\u00ba ao 9.\u00ba ano &#8220;O nosso 1.\u00ba de Dezembro&#8221;.<\/p>\n<p>Nesta pe\u00e7a de teatro, as salas de aula s\u00e3o invadidas por &#8220;conjurados&#8221; que querem livrar-se do dom\u00ednio espanhol e colocar no trono um rei portugu\u00eas, &#8220;Miguel de Vasconcelos \u00e9 atirado pela janela&#8221; e D. Margarida, a Duquesa de M\u00e2ntua, \u00e9 presa e reenviada para Espanha.<\/p>\n<p>A pe\u00e7a foi encenada nas aulas de Portugu\u00eas em articula\u00e7\u00e3o com as disciplinas de Hist\u00f3ria e Geografia de Portugal e Cidadania e Desenvolvimento e contou com a preciosa colabora\u00e7\u00e3o da professora Rita R\u00eago, do Clube das Artes, da Dona Elsa e dos Encarregadas de Educa\u00e7\u00e3o dos alunos do 6.\u00ba ano.<\/p>\n<p>A professora<\/p>\n<p>Isabel Braga<\/p>\n<style type=\"text\/css\">\n\t\t\t#gallery-1 {\n\t\t\t\tmargin: auto;\n\t\t\t}\n\t\t\t#gallery-1 .gallery-item {\n\t\t\t\tfloat: left;\n\t\t\t\tmargin-top: 10px;\n\t\t\t\ttext-align: center;\n\t\t\t\twidth: 50%;\n\t\t\t}\n\t\t\t#gallery-1 img {\n\t\t\t\tborder: 2px solid #cfcfcf;\n\t\t\t}\n\t\t\t#gallery-1 .gallery-caption {\n\t\t\t\tmargin-left: 0;\n\t\t\t}\n\t\t\t\/* see gallery_shortcode() in wp-includes\/media.php *\/\n\t\t<\/style>\n<dl class='gallery-item'>\n<dt class='gallery-icon landscape'>\n\t\t\t\t<a data-elementor-open-lightbox=\"yes\" data-elementor-lightbox-slideshow=\"7044939\" data-elementor-lightbox-title=\"IMG-20231213-WA0082\" data-e-action-hash=\"#elementor-action%3Aaction%3Dlightbox%26settings%3DeyJpZCI6Nzg4NiwidXJsIjoiaHR0cHM6XC9cL2FndmNlcmNhbC5lZHUuZ292LnB0XC9zaXRlXC93cC1jb250ZW50XC91cGxvYWRzXC8yMDI0XC8wMVwvSU1HLTIwMjMxMjEzLVdBMDA4Mi5qcGciLCJzbGlkZXNob3ciOiI3MDQ0OTM5In0%3D\" href=\"https:\/\/i0.wp.com\/agvcercal.edu.gov.pt\/site\/wp-content\/uploads\/2024\/01\/IMG-20231213-WA0082.jpg?ssl=1\"><img data-recalc-dims=\"1\" width=\"150\" height=\"150\" src=\"https:\/\/i0.wp.com\/agvcercal.edu.gov.pt\/site\/wp-content\/uploads\/2024\/01\/IMG-20231213-WA0082.jpg?resize=150%2C150&#038;ssl=1\" alt=\"\" decoding=\"async\" loading=\"lazy\" srcset=\"https:\/\/agvcercal.edu.gov.pt\/site\/wp-content\/uploads\/2024\/01\/IMG-20231213-WA0082-150x150.jpg 150w, https:\/\/agvcercal.edu.gov.pt\/site\/wp-content\/uploads\/2024\/01\/IMG-20231213-WA0082-300x300.jpg 300w, https:\/\/agvcercal.edu.gov.pt\/site\/wp-content\/uploads\/2024\/01\/IMG-20231213-WA0082-1024x1024.jpg 1024w, https:\/\/agvcercal.edu.gov.pt\/site\/wp-content\/uploads\/2024\/01\/IMG-20231213-WA0082-768x768.jpg 768w\" sizes=\"auto, (max-width: 150px) 100vw, 150px\" \/><\/a>\n\t\t\t<\/dt>\n<\/dl>\n<dl class='gallery-item'>\n<dt class='gallery-icon portrait'>\n\t\t\t\t<a data-elementor-open-lightbox=\"yes\" data-elementor-lightbox-slideshow=\"7044939\" data-elementor-lightbox-title=\"IMG-20231213-WA0091\" data-e-action-hash=\"#elementor-action%3Aaction%3Dlightbox%26settings%3DeyJpZCI6Nzg4NywidXJsIjoiaHR0cHM6XC9cL2FndmNlcmNhbC5lZHUuZ292LnB0XC9zaXRlXC93cC1jb250ZW50XC91cGxvYWRzXC8yMDI0XC8wMVwvSU1HLTIwMjMxMjEzLVdBMDA5MS5qcGciLCJzbGlkZXNob3ciOiI3MDQ0OTM5In0%3D\" href=\"https:\/\/i0.wp.com\/agvcercal.edu.gov.pt\/site\/wp-content\/uploads\/2024\/01\/IMG-20231213-WA0091.jpg?ssl=1\"><img data-recalc-dims=\"1\" width=\"150\" height=\"150\" src=\"https:\/\/i0.wp.com\/agvcercal.edu.gov.pt\/site\/wp-content\/uploads\/2024\/01\/IMG-20231213-WA0091.jpg?resize=150%2C150&#038;ssl=1\" alt=\"\" decoding=\"async\" loading=\"lazy\" srcset=\"https:\/\/agvcercal.edu.gov.pt\/site\/wp-content\/uploads\/2024\/01\/IMG-20231213-WA0091-150x150.jpg 150w, https:\/\/agvcercal.edu.gov.pt\/site\/wp-content\/uploads\/2024\/01\/IMG-20231213-WA0091-300x300.jpg 300w, https:\/\/agvcercal.edu.gov.pt\/site\/wp-content\/uploads\/2024\/01\/IMG-20231213-WA0091-1024x1024.jpg 1024w, https:\/\/agvcercal.edu.gov.pt\/site\/wp-content\/uploads\/2024\/01\/IMG-20231213-WA0091-768x768.jpg 768w\" sizes=\"auto, (max-width: 150px) 100vw, 150px\" \/><\/a>\n\t\t\t<\/dt>\n<\/dl>\n<p><br style=\"clear: both\" \/><\/p>\n<dl class='gallery-item'>\n<dt class='gallery-icon landscape'>\n\t\t\t\t<a data-elementor-open-lightbox=\"yes\" data-elementor-lightbox-slideshow=\"7044939\" data-elementor-lightbox-title=\"IMG-20231213-WA0136\" data-e-action-hash=\"#elementor-action%3Aaction%3Dlightbox%26settings%3DeyJpZCI6Nzg4OCwidXJsIjoiaHR0cHM6XC9cL2FndmNlcmNhbC5lZHUuZ292LnB0XC9zaXRlXC93cC1jb250ZW50XC91cGxvYWRzXC8yMDI0XC8wMVwvSU1HLTIwMjMxMjEzLVdBMDEzNi5qcGciLCJzbGlkZXNob3ciOiI3MDQ0OTM5In0%3D\" href=\"https:\/\/i0.wp.com\/agvcercal.edu.gov.pt\/site\/wp-content\/uploads\/2024\/01\/IMG-20231213-WA0136.jpg?ssl=1\"><img data-recalc-dims=\"1\" width=\"150\" height=\"150\" src=\"https:\/\/i0.wp.com\/agvcercal.edu.gov.pt\/site\/wp-content\/uploads\/2024\/01\/IMG-20231213-WA0136.jpg?resize=150%2C150&#038;ssl=1\" alt=\"\" decoding=\"async\" loading=\"lazy\" srcset=\"https:\/\/agvcercal.edu.gov.pt\/site\/wp-content\/uploads\/2024\/01\/IMG-20231213-WA0136-150x150.jpg 150w, https:\/\/agvcercal.edu.gov.pt\/site\/wp-content\/uploads\/2024\/01\/IMG-20231213-WA0136-300x300.jpg 300w, https:\/\/agvcercal.edu.gov.pt\/site\/wp-content\/uploads\/2024\/01\/IMG-20231213-WA0136-1024x1024.jpg 1024w, https:\/\/agvcercal.edu.gov.pt\/site\/wp-content\/uploads\/2024\/01\/IMG-20231213-WA0136-768x768.jpg 768w\" sizes=\"auto, (max-width: 150px) 100vw, 150px\" \/><\/a>\n\t\t\t<\/dt>\n<\/dl>\n<dl class='gallery-item'>\n<dt class='gallery-icon portrait'>\n\t\t\t\t<a data-elementor-open-lightbox=\"yes\" data-elementor-lightbox-slideshow=\"7044939\" data-elementor-lightbox-title=\"IMG-20231215-WA0018\" data-e-action-hash=\"#elementor-action%3Aaction%3Dlightbox%26settings%3DeyJpZCI6Nzg4OSwidXJsIjoiaHR0cHM6XC9cL2FndmNlcmNhbC5lZHUuZ292LnB0XC9zaXRlXC93cC1jb250ZW50XC91cGxvYWRzXC8yMDI0XC8wMVwvSU1HLTIwMjMxMjE1LVdBMDAxOC5qcGciLCJzbGlkZXNob3ciOiI3MDQ0OTM5In0%3D\" href=\"https:\/\/i0.wp.com\/agvcercal.edu.gov.pt\/site\/wp-content\/uploads\/2024\/01\/IMG-20231215-WA0018.jpg?ssl=1\"><img data-recalc-dims=\"1\" width=\"150\" height=\"150\" src=\"https:\/\/i0.wp.com\/agvcercal.edu.gov.pt\/site\/wp-content\/uploads\/2024\/01\/IMG-20231215-WA0018.jpg?resize=150%2C150&#038;ssl=1\" alt=\"\" decoding=\"async\" loading=\"lazy\" srcset=\"https:\/\/agvcercal.edu.gov.pt\/site\/wp-content\/uploads\/2024\/01\/IMG-20231215-WA0018-150x150.jpg 150w, https:\/\/agvcercal.edu.gov.pt\/site\/wp-content\/uploads\/2024\/01\/IMG-20231215-WA0018-300x300.jpg 300w, https:\/\/agvcercal.edu.gov.pt\/site\/wp-content\/uploads\/2024\/01\/IMG-20231215-WA0018-1024x1024.jpg 1024w, https:\/\/agvcercal.edu.gov.pt\/site\/wp-content\/uploads\/2024\/01\/IMG-20231215-WA0018-768x768.jpg 768w\" sizes=\"auto, (max-width: 150px) 100vw, 150px\" \/><\/a>\n\t\t\t<\/dt>\n<\/dl>\n<p><br style=\"clear: both\" \/><\/p>\n","protected":false},"excerpt":{"rendered":"<p>No in\u00edcio do m\u00eas de Dezembro as duas turmas do 6.\u00ba ano representaram para os colegas do 4.\u00ba ao 9.\u00ba ano &#8220;O nosso 1.\u00ba de Dezembro&#8221;. Nesta pe\u00e7a de teatro, as salas de aula s\u00e3o invadidas por &#8220;conjurados&#8221; que querem livrar-se do dom\u00ednio espanhol e colocar no trono um rei portugu\u00eas, &#8220;Miguel de Vasconcelos \u00e9 [&hellip;]<\/p>\n","protected":false},"author":1,"featured_media":7884,"comment_status":"closed","ping_status":"open","sticky":false,"template":"","format":"standard","meta":{"_jetpack_memberships_contains_paid_content":false,"footnotes":""},"categories":[343],"tags":[457,496],"class_list":["post-7883","post","type-post","status-publish","format-standard","has-post-thumbnail","hentry","category-atividades","tag-1o-de-dezembro","tag-turmas-do-6o-ano"],"jetpack_featured_media_url":"https:\/\/i0.wp.com\/agvcercal.edu.gov.pt\/site\/wp-content\/uploads\/2024\/01\/IMG-20231213-WA0141.jpg?fit=2048%2C1536&ssl=1","jetpack-related-posts":[],"jetpack_sharing_enabled":true,"_links":{"self":[{"href":"https:\/\/agvcercal.edu.gov.pt\/site\/wp-json\/wp\/v2\/posts\/7883","targetHints":{"allow":["GET"]}}],"collection":[{"href":"https:\/\/agvcercal.edu.gov.pt\/site\/wp-json\/wp\/v2\/posts"}],"about":[{"href":"https:\/\/agvcercal.edu.gov.pt\/site\/wp-json\/wp\/v2\/types\/post"}],"author":[{"embeddable":true,"href":"https:\/\/agvcercal.edu.gov.pt\/site\/wp-json\/wp\/v2\/users\/1"}],"replies":[{"embeddable":true,"href":"https:\/\/agvcercal.edu.gov.pt\/site\/wp-json\/wp\/v2\/comments?post=7883"}],"version-history":[{"count":4,"href":"https:\/\/agvcercal.edu.gov.pt\/site\/wp-json\/wp\/v2\/posts\/7883\/revisions"}],"predecessor-version":[{"id":7892,"href":"https:\/\/agvcercal.edu.gov.pt\/site\/wp-json\/wp\/v2\/posts\/7883\/revisions\/7892"}],"wp:featuredmedia":[{"embeddable":true,"href":"https:\/\/agvcercal.edu.gov.pt\/site\/wp-json\/wp\/v2\/media\/7884"}],"wp:attachment":[{"href":"https:\/\/agvcercal.edu.gov.pt\/site\/wp-json\/wp\/v2\/media?parent=7883"}],"wp:term":[{"taxonomy":"category","embeddable":true,"href":"https:\/\/agvcercal.edu.gov.pt\/site\/wp-json\/wp\/v2\/categories?post=7883"},{"taxonomy":"post_tag","embeddable":true,"href":"https:\/\/agvcercal.edu.gov.pt\/site\/wp-json\/wp\/v2\/tags?post=7883"}],"curies":[{"name":"wp","href":"https:\/\/api.w.org\/{rel}","templated":true}]}}