{"id":7893,"date":"2024-01-10T13:13:46","date_gmt":"2024-01-10T13:13:46","guid":{"rendered":"https:\/\/agvcercal.edu.gov.pt\/site\/?p=7893"},"modified":"2024-01-10T13:18:03","modified_gmt":"2024-01-10T13:18:03","slug":"criancas-do-jardim-de-infancia-celebraram-o-dia-de-reis-junto-da-comunidade","status":"publish","type":"post","link":"https:\/\/agvcercal.edu.gov.pt\/site\/criancas-do-jardim-de-infancia-celebraram-o-dia-de-reis-junto-da-comunidade\/","title":{"rendered":"Crian\u00e7as do Jardim-de-Inf\u00e2ncia celebraram o Dia de Reis junto da comunidade"},"content":{"rendered":"<p>No dia 5 de janeiro as crian\u00e7as do Jardim de Inf\u00e2ncia (JI) embarcaram numa emocionante jornada para celebrar o Dia de Reis na comunidade local. Com coroas por si elaboradas e a entoar uma can\u00e7\u00e3o alusiva \u00e0 \u00e9poca desfilaram pelas ruas, desejando um bom ano em algumas institui\u00e7\u00f5es e com\u00e9rcio local.\u00a0<\/p>\n<p>Este evento especial n\u00e3o celebrou apenas uma tradi\u00e7\u00e3o significativa, mas tamb\u00e9m fortaleceu os la\u00e7os entre o JI e a comunidade.<\/p>\n<p>As fotos captaram momentos preciosos deste dia, destacando os sorrisos radiantes e a energia contagiante que encheu as ruas do Cercal.<\/p>\n<p>As Educadoras de Inf\u00e2ncia Ana Paix\u00e3o\/C\u00e9lia Sousa\/Elisabete Sim\u00f5es<\/p>\n<style type=\"text\/css\">\n\t\t\t#gallery-3 {\n\t\t\t\tmargin: auto;\n\t\t\t}\n\t\t\t#gallery-3 .gallery-item {\n\t\t\t\tfloat: left;\n\t\t\t\tmargin-top: 10px;\n\t\t\t\ttext-align: center;\n\t\t\t\twidth: 50%;\n\t\t\t}\n\t\t\t#gallery-3 img {\n\t\t\t\tborder: 2px solid #cfcfcf;\n\t\t\t}\n\t\t\t#gallery-3 .gallery-caption {\n\t\t\t\tmargin-left: 0;\n\t\t\t}\n\t\t\t\/* see gallery_shortcode() in wp-includes\/media.php *\/\n\t\t<\/style>\n<dl class='gallery-item'>\n<dt class='gallery-icon landscape'>\n\t\t\t\t<a data-elementor-open-lightbox=\"yes\" data-elementor-lightbox-slideshow=\"7044939\" data-elementor-lightbox-title=\"20240105_105618\" data-e-action-hash=\"#elementor-action%3Aaction%3Dlightbox%26settings%3DeyJpZCI6Nzg5NiwidXJsIjoiaHR0cHM6XC9cL2FndmNlcmNhbC5lZHUuZ292LnB0XC9zaXRlXC93cC1jb250ZW50XC91cGxvYWRzXC8yMDI0XC8wMVwvMjAyNDAxMDVfMTA1NjE4LmpwZyIsInNsaWRlc2hvdyI6IjcwNDQ5MzkifQ%3D%3D\" href=\"https:\/\/i0.wp.com\/agvcercal.edu.gov.pt\/site\/wp-content\/uploads\/2024\/01\/20240105_105618.jpg?ssl=1\"><img data-recalc-dims=\"1\" width=\"150\" height=\"150\" src=\"https:\/\/i0.wp.com\/agvcercal.edu.gov.pt\/site\/wp-content\/uploads\/2024\/01\/20240105_105618.jpg?resize=150%2C150&#038;ssl=1\" alt=\"\" decoding=\"async\" loading=\"lazy\" srcset=\"https:\/\/agvcercal.edu.gov.pt\/site\/wp-content\/uploads\/2024\/01\/20240105_105618-150x150.jpg 150w, https:\/\/agvcercal.edu.gov.pt\/site\/wp-content\/uploads\/2024\/01\/20240105_105618-300x300.jpg 300w, https:\/\/agvcercal.edu.gov.pt\/site\/wp-content\/uploads\/2024\/01\/20240105_105618-1024x1024.jpg 1024w, https:\/\/agvcercal.edu.gov.pt\/site\/wp-content\/uploads\/2024\/01\/20240105_105618-768x768.jpg 768w\" sizes=\"auto, (max-width: 150px) 100vw, 150px\" \/><\/a>\n\t\t\t<\/dt>\n<\/dl>\n<dl class='gallery-item'>\n<dt class='gallery-icon landscape'>\n\t\t\t\t<a data-elementor-open-lightbox=\"yes\" data-elementor-lightbox-slideshow=\"7044939\" data-elementor-lightbox-title=\"20240105_112446\" data-e-action-hash=\"#elementor-action%3Aaction%3Dlightbox%26settings%3DeyJpZCI6Nzg5NywidXJsIjoiaHR0cHM6XC9cL2FndmNlcmNhbC5lZHUuZ292LnB0XC9zaXRlXC93cC1jb250ZW50XC91cGxvYWRzXC8yMDI0XC8wMVwvMjAyNDAxMDVfMTEyNDQ2LmpwZyIsInNsaWRlc2hvdyI6IjcwNDQ5MzkifQ%3D%3D\" href=\"https:\/\/i0.wp.com\/agvcercal.edu.gov.pt\/site\/wp-content\/uploads\/2024\/01\/20240105_112446.jpg?ssl=1\"><img data-recalc-dims=\"1\" width=\"150\" height=\"150\" src=\"https:\/\/i0.wp.com\/agvcercal.edu.gov.pt\/site\/wp-content\/uploads\/2024\/01\/20240105_112446.jpg?resize=150%2C150&#038;ssl=1\" alt=\"\" decoding=\"async\" loading=\"lazy\" srcset=\"https:\/\/agvcercal.edu.gov.pt\/site\/wp-content\/uploads\/2024\/01\/20240105_112446-150x150.jpg 150w, https:\/\/agvcercal.edu.gov.pt\/site\/wp-content\/uploads\/2024\/01\/20240105_112446-300x300.jpg 300w, https:\/\/agvcercal.edu.gov.pt\/site\/wp-content\/uploads\/2024\/01\/20240105_112446-1024x1024.jpg 1024w, https:\/\/agvcercal.edu.gov.pt\/site\/wp-content\/uploads\/2024\/01\/20240105_112446-768x768.jpg 768w\" sizes=\"auto, (max-width: 150px) 100vw, 150px\" \/><\/a>\n\t\t\t<\/dt>\n<\/dl>\n<p><br style=\"clear: both\" \/><\/p>\n<dl class='gallery-item'>\n<dt class='gallery-icon landscape'>\n\t\t\t\t<a data-elementor-open-lightbox=\"yes\" data-elementor-lightbox-slideshow=\"7044939\" data-elementor-lightbox-title=\"20240105_113330\" data-e-action-hash=\"#elementor-action%3Aaction%3Dlightbox%26settings%3DeyJpZCI6Nzg5OCwidXJsIjoiaHR0cHM6XC9cL2FndmNlcmNhbC5lZHUuZ292LnB0XC9zaXRlXC93cC1jb250ZW50XC91cGxvYWRzXC8yMDI0XC8wMVwvMjAyNDAxMDVfMTEzMzMwLmpwZyIsInNsaWRlc2hvdyI6IjcwNDQ5MzkifQ%3D%3D\" href=\"https:\/\/i0.wp.com\/agvcercal.edu.gov.pt\/site\/wp-content\/uploads\/2024\/01\/20240105_113330.jpg?ssl=1\"><img data-recalc-dims=\"1\" width=\"150\" height=\"150\" src=\"https:\/\/i0.wp.com\/agvcercal.edu.gov.pt\/site\/wp-content\/uploads\/2024\/01\/20240105_113330.jpg?resize=150%2C150&#038;ssl=1\" alt=\"\" decoding=\"async\" loading=\"lazy\" srcset=\"https:\/\/agvcercal.edu.gov.pt\/site\/wp-content\/uploads\/2024\/01\/20240105_113330-150x150.jpg 150w, https:\/\/agvcercal.edu.gov.pt\/site\/wp-content\/uploads\/2024\/01\/20240105_113330-300x300.jpg 300w, https:\/\/agvcercal.edu.gov.pt\/site\/wp-content\/uploads\/2024\/01\/20240105_113330-1024x1024.jpg 1024w, https:\/\/agvcercal.edu.gov.pt\/site\/wp-content\/uploads\/2024\/01\/20240105_113330-768x768.jpg 768w\" sizes=\"auto, (max-width: 150px) 100vw, 150px\" \/><\/a>\n\t\t\t<\/dt>\n<\/dl>\n<dl class='gallery-item'>\n<dt class='gallery-icon landscape'>\n\t\t\t\t<a data-elementor-open-lightbox=\"yes\" data-elementor-lightbox-slideshow=\"7044939\" data-elementor-lightbox-title=\"IMG-20240105-WA0004\" data-e-action-hash=\"#elementor-action%3Aaction%3Dlightbox%26settings%3DeyJpZCI6Nzg5OSwidXJsIjoiaHR0cHM6XC9cL2FndmNlcmNhbC5lZHUuZ292LnB0XC9zaXRlXC93cC1jb250ZW50XC91cGxvYWRzXC8yMDI0XC8wMVwvSU1HLTIwMjQwMTA1LVdBMDAwNC5qcGciLCJzbGlkZXNob3ciOiI3MDQ0OTM5In0%3D\" href=\"https:\/\/i0.wp.com\/agvcercal.edu.gov.pt\/site\/wp-content\/uploads\/2024\/01\/IMG-20240105-WA0004.jpg?ssl=1\"><img data-recalc-dims=\"1\" width=\"150\" height=\"150\" src=\"https:\/\/i0.wp.com\/agvcercal.edu.gov.pt\/site\/wp-content\/uploads\/2024\/01\/IMG-20240105-WA0004.jpg?resize=150%2C150&#038;ssl=1\" alt=\"\" decoding=\"async\" loading=\"lazy\" srcset=\"https:\/\/agvcercal.edu.gov.pt\/site\/wp-content\/uploads\/2024\/01\/IMG-20240105-WA0004-150x150.jpg 150w, https:\/\/agvcercal.edu.gov.pt\/site\/wp-content\/uploads\/2024\/01\/IMG-20240105-WA0004-300x300.jpg 300w\" sizes=\"auto, (max-width: 150px) 100vw, 150px\" \/><\/a>\n\t\t\t<\/dt>\n<\/dl>\n<p><br style=\"clear: both\" \/><\/p>\n","protected":false},"excerpt":{"rendered":"<p>No dia 5 de janeiro as crian\u00e7as do Jardim de Inf\u00e2ncia (JI) embarcaram numa emocionante jornada para celebrar o Dia de Reis na comunidade local. Com coroas por si elaboradas e a entoar uma can\u00e7\u00e3o alusiva \u00e0 \u00e9poca desfilaram pelas ruas, desejando um bom ano em algumas institui\u00e7\u00f5es e com\u00e9rcio local.\u00a0 Este evento especial n\u00e3o [&hellip;]<\/p>\n","protected":false},"author":1,"featured_media":7894,"comment_status":"closed","ping_status":"open","sticky":false,"template":"","format":"standard","meta":{"_jetpack_memberships_contains_paid_content":false,"footnotes":""},"categories":[343],"tags":[344,497,468],"class_list":["post-7893","post","type-post","status-publish","format-standard","has-post-thumbnail","hentry","category-atividades","tag-atividades","tag-dia-de-reis","tag-jardim-de-infancia-2"],"jetpack_featured_media_url":"https:\/\/i0.wp.com\/agvcercal.edu.gov.pt\/site\/wp-content\/uploads\/2024\/01\/20240105_110518.jpg?fit=2256%2C1504&ssl=1","jetpack-related-posts":[],"jetpack_sharing_enabled":true,"_links":{"self":[{"href":"https:\/\/agvcercal.edu.gov.pt\/site\/wp-json\/wp\/v2\/posts\/7893","targetHints":{"allow":["GET"]}}],"collection":[{"href":"https:\/\/agvcercal.edu.gov.pt\/site\/wp-json\/wp\/v2\/posts"}],"about":[{"href":"https:\/\/agvcercal.edu.gov.pt\/site\/wp-json\/wp\/v2\/types\/post"}],"author":[{"embeddable":true,"href":"https:\/\/agvcercal.edu.gov.pt\/site\/wp-json\/wp\/v2\/users\/1"}],"replies":[{"embeddable":true,"href":"https:\/\/agvcercal.edu.gov.pt\/site\/wp-json\/wp\/v2\/comments?post=7893"}],"version-history":[{"count":4,"href":"https:\/\/agvcercal.edu.gov.pt\/site\/wp-json\/wp\/v2\/posts\/7893\/revisions"}],"predecessor-version":[{"id":7902,"href":"https:\/\/agvcercal.edu.gov.pt\/site\/wp-json\/wp\/v2\/posts\/7893\/revisions\/7902"}],"wp:featuredmedia":[{"embeddable":true,"href":"https:\/\/agvcercal.edu.gov.pt\/site\/wp-json\/wp\/v2\/media\/7894"}],"wp:attachment":[{"href":"https:\/\/agvcercal.edu.gov.pt\/site\/wp-json\/wp\/v2\/media?parent=7893"}],"wp:term":[{"taxonomy":"category","embeddable":true,"href":"https:\/\/agvcercal.edu.gov.pt\/site\/wp-json\/wp\/v2\/categories?post=7893"},{"taxonomy":"post_tag","embeddable":true,"href":"https:\/\/agvcercal.edu.gov.pt\/site\/wp-json\/wp\/v2\/tags?post=7893"}],"curies":[{"name":"wp","href":"https:\/\/api.w.org\/{rel}","templated":true}]}}