{"id":7983,"date":"2024-02-19T12:41:27","date_gmt":"2024-02-19T12:41:27","guid":{"rendered":"https:\/\/agvcercal.edu.gov.pt\/site\/?p=7983"},"modified":"2024-02-19T12:41:49","modified_gmt":"2024-02-19T12:41:49","slug":"centro-de-ciencia-viva-do-lousal-veio-a-escola-realizar-varias-atividades-com-os-nossos-alunos","status":"publish","type":"post","link":"https:\/\/agvcercal.edu.gov.pt\/site\/centro-de-ciencia-viva-do-lousal-veio-a-escola-realizar-varias-atividades-com-os-nossos-alunos\/","title":{"rendered":"Centro de Ci\u00eancia Viva do Lousal veio \u00e0 escola realizar v\u00e1rias atividades com os nossos alunos"},"content":{"rendered":"<p>Na quarta-feira, dia 14 de fevereiro, os alunos das turmas do 6\u00ba ano participaram na atividade \u201cABC das Plantas\u201d , assim como, os alunos do 8\u00ba \u00a0na atividade \u201cHaja Luz na Mina\u201d sob a orienta\u00e7\u00e3o do Centro de Ci\u00eancia Viva do Lousal. Estas atividades foram patrocinadas pelo projeto \u201cLemos Todos com a Biblioteca Escolar\u201d, \u00a0uma oportunidade de consolidar alguns dos conte\u00fados program\u00e1ticos das disciplinas de Ci\u00eancias Naturais e de F\u00edsico-Qu\u00edmica em contexto pr\u00e1tico-experimental.<\/p>\n<p>A Biblioteca Escolar agradece a participa\u00e7\u00e3o dos alunos, dos docentes e da equipa do Centro de Ci\u00eancia Viva do Lousal.&#8221;<\/p>\n<p>\u00a0<\/p>\n<p>\u00a0Rosinda Delmiro<\/p>\n<p>Professora Bibliotec\u00e1ria<\/p>\n<style type=\"text\/css\">\n\t\t\t#gallery-3 {\n\t\t\t\tmargin: auto;\n\t\t\t}\n\t\t\t#gallery-3 .gallery-item {\n\t\t\t\tfloat: left;\n\t\t\t\tmargin-top: 10px;\n\t\t\t\ttext-align: center;\n\t\t\t\twidth: 25%;\n\t\t\t}\n\t\t\t#gallery-3 img {\n\t\t\t\tborder: 2px solid #cfcfcf;\n\t\t\t}\n\t\t\t#gallery-3 .gallery-caption {\n\t\t\t\tmargin-left: 0;\n\t\t\t}\n\t\t\t\/* see gallery_shortcode() in wp-includes\/media.php *\/\n\t\t<\/style>\n<dl class='gallery-item'>\n<dt class='gallery-icon landscape'>\n\t\t\t\t<a data-elementor-open-lightbox=\"yes\" data-elementor-lightbox-slideshow=\"aec0057\" data-elementor-lightbox-title=\"IMG-20240214-WA0008\" data-e-action-hash=\"#elementor-action%3Aaction%3Dlightbox%26settings%3DeyJpZCI6Nzk4NywidXJsIjoiaHR0cHM6XC9cL2FndmNlcmNhbC5lZHUuZ292LnB0XC9zaXRlXC93cC1jb250ZW50XC91cGxvYWRzXC8yMDI0XC8wMlwvSU1HLTIwMjQwMjE0LVdBMDAwOC5qcGciLCJzbGlkZXNob3ciOiJhZWMwMDU3In0%3D\" href=\"https:\/\/i0.wp.com\/agvcercal.edu.gov.pt\/site\/wp-content\/uploads\/2024\/02\/IMG-20240214-WA0008.jpg?ssl=1\"><img data-recalc-dims=\"1\" width=\"150\" height=\"150\" src=\"https:\/\/i0.wp.com\/agvcercal.edu.gov.pt\/site\/wp-content\/uploads\/2024\/02\/IMG-20240214-WA0008.jpg?resize=150%2C150&#038;ssl=1\" alt=\"\" decoding=\"async\" loading=\"lazy\" srcset=\"https:\/\/agvcercal.edu.gov.pt\/site\/wp-content\/uploads\/2024\/02\/IMG-20240214-WA0008-150x150.jpg 150w, https:\/\/agvcercal.edu.gov.pt\/site\/wp-content\/uploads\/2024\/02\/IMG-20240214-WA0008-300x300.jpg 300w, https:\/\/agvcercal.edu.gov.pt\/site\/wp-content\/uploads\/2024\/02\/IMG-20240214-WA0008-768x768.jpg 768w\" sizes=\"auto, (max-width: 150px) 100vw, 150px\" \/><\/a>\n\t\t\t<\/dt>\n<\/dl>\n<dl class='gallery-item'>\n<dt class='gallery-icon landscape'>\n\t\t\t\t<a data-elementor-open-lightbox=\"yes\" data-elementor-lightbox-slideshow=\"aec0057\" data-elementor-lightbox-title=\"TMC_5109\" data-e-action-hash=\"#elementor-action%3Aaction%3Dlightbox%26settings%3DeyJpZCI6Nzk4OCwidXJsIjoiaHR0cHM6XC9cL2FndmNlcmNhbC5lZHUuZ292LnB0XC9zaXRlXC93cC1jb250ZW50XC91cGxvYWRzXC8yMDI0XC8wMlwvVE1DXzUxMDkuanBnIiwic2xpZGVzaG93IjoiYWVjMDA1NyJ9\" href=\"https:\/\/i0.wp.com\/agvcercal.edu.gov.pt\/site\/wp-content\/uploads\/2024\/02\/TMC_5109.jpg?ssl=1\"><img data-recalc-dims=\"1\" width=\"150\" height=\"150\" src=\"https:\/\/i0.wp.com\/agvcercal.edu.gov.pt\/site\/wp-content\/uploads\/2024\/02\/TMC_5109.jpg?resize=150%2C150&#038;ssl=1\" alt=\"\" decoding=\"async\" loading=\"lazy\" srcset=\"https:\/\/agvcercal.edu.gov.pt\/site\/wp-content\/uploads\/2024\/02\/TMC_5109-150x150.jpg 150w, https:\/\/agvcercal.edu.gov.pt\/site\/wp-content\/uploads\/2024\/02\/TMC_5109-300x300.jpg 300w, https:\/\/agvcercal.edu.gov.pt\/site\/wp-content\/uploads\/2024\/02\/TMC_5109-768x768.jpg 768w\" sizes=\"auto, (max-width: 150px) 100vw, 150px\" \/><\/a>\n\t\t\t<\/dt>\n<\/dl>\n<dl class='gallery-item'>\n<dt class='gallery-icon landscape'>\n\t\t\t\t<a data-elementor-open-lightbox=\"yes\" data-elementor-lightbox-slideshow=\"aec0057\" data-elementor-lightbox-title=\"TMC_5110\" data-e-action-hash=\"#elementor-action%3Aaction%3Dlightbox%26settings%3DeyJpZCI6Nzk4OSwidXJsIjoiaHR0cHM6XC9cL2FndmNlcmNhbC5lZHUuZ292LnB0XC9zaXRlXC93cC1jb250ZW50XC91cGxvYWRzXC8yMDI0XC8wMlwvVE1DXzUxMTAtMS5qcGciLCJzbGlkZXNob3ciOiJhZWMwMDU3In0%3D\" href=\"https:\/\/i0.wp.com\/agvcercal.edu.gov.pt\/site\/wp-content\/uploads\/2024\/02\/TMC_5110-1.jpg?ssl=1\"><img data-recalc-dims=\"1\" width=\"150\" height=\"150\" src=\"https:\/\/i0.wp.com\/agvcercal.edu.gov.pt\/site\/wp-content\/uploads\/2024\/02\/TMC_5110-1.jpg?resize=150%2C150&#038;ssl=1\" alt=\"\" decoding=\"async\" loading=\"lazy\" srcset=\"https:\/\/agvcercal.edu.gov.pt\/site\/wp-content\/uploads\/2024\/02\/TMC_5110-1-150x150.jpg 150w, https:\/\/agvcercal.edu.gov.pt\/site\/wp-content\/uploads\/2024\/02\/TMC_5110-1-300x300.jpg 300w, https:\/\/agvcercal.edu.gov.pt\/site\/wp-content\/uploads\/2024\/02\/TMC_5110-1-768x768.jpg 768w\" sizes=\"auto, (max-width: 150px) 100vw, 150px\" \/><\/a>\n\t\t\t<\/dt>\n<\/dl>\n<dl class='gallery-item'>\n<dt class='gallery-icon landscape'>\n\t\t\t\t<a data-elementor-open-lightbox=\"yes\" data-elementor-lightbox-slideshow=\"aec0057\" data-elementor-lightbox-title=\"TMC_5113\" data-e-action-hash=\"#elementor-action%3Aaction%3Dlightbox%26settings%3DeyJpZCI6Nzk5MCwidXJsIjoiaHR0cHM6XC9cL2FndmNlcmNhbC5lZHUuZ292LnB0XC9zaXRlXC93cC1jb250ZW50XC91cGxvYWRzXC8yMDI0XC8wMlwvVE1DXzUxMTMuanBnIiwic2xpZGVzaG93IjoiYWVjMDA1NyJ9\" href=\"https:\/\/i0.wp.com\/agvcercal.edu.gov.pt\/site\/wp-content\/uploads\/2024\/02\/TMC_5113.jpg?ssl=1\"><img data-recalc-dims=\"1\" width=\"150\" height=\"150\" src=\"https:\/\/i0.wp.com\/agvcercal.edu.gov.pt\/site\/wp-content\/uploads\/2024\/02\/TMC_5113.jpg?resize=150%2C150&#038;ssl=1\" alt=\"\" decoding=\"async\" loading=\"lazy\" srcset=\"https:\/\/agvcercal.edu.gov.pt\/site\/wp-content\/uploads\/2024\/02\/TMC_5113-150x150.jpg 150w, https:\/\/agvcercal.edu.gov.pt\/site\/wp-content\/uploads\/2024\/02\/TMC_5113-300x300.jpg 300w, https:\/\/agvcercal.edu.gov.pt\/site\/wp-content\/uploads\/2024\/02\/TMC_5113-768x768.jpg 768w\" sizes=\"auto, (max-width: 150px) 100vw, 150px\" \/><\/a>\n\t\t\t<\/dt>\n<\/dl>\n<p><br style=\"clear: both\" \/><\/p>\n<dl class='gallery-item'>\n<dt class='gallery-icon landscape'>\n\t\t\t\t<a data-elementor-open-lightbox=\"yes\" data-elementor-lightbox-slideshow=\"aec0057\" data-elementor-lightbox-title=\"TMC_5117\" data-e-action-hash=\"#elementor-action%3Aaction%3Dlightbox%26settings%3DeyJpZCI6Nzk5MSwidXJsIjoiaHR0cHM6XC9cL2FndmNlcmNhbC5lZHUuZ292LnB0XC9zaXRlXC93cC1jb250ZW50XC91cGxvYWRzXC8yMDI0XC8wMlwvVE1DXzUxMTcuanBnIiwic2xpZGVzaG93IjoiYWVjMDA1NyJ9\" href=\"https:\/\/i0.wp.com\/agvcercal.edu.gov.pt\/site\/wp-content\/uploads\/2024\/02\/TMC_5117.jpg?ssl=1\"><img data-recalc-dims=\"1\" width=\"150\" height=\"150\" src=\"https:\/\/i0.wp.com\/agvcercal.edu.gov.pt\/site\/wp-content\/uploads\/2024\/02\/TMC_5117.jpg?resize=150%2C150&#038;ssl=1\" alt=\"\" decoding=\"async\" loading=\"lazy\" srcset=\"https:\/\/agvcercal.edu.gov.pt\/site\/wp-content\/uploads\/2024\/02\/TMC_5117-150x150.jpg 150w, https:\/\/agvcercal.edu.gov.pt\/site\/wp-content\/uploads\/2024\/02\/TMC_5117-300x300.jpg 300w, https:\/\/agvcercal.edu.gov.pt\/site\/wp-content\/uploads\/2024\/02\/TMC_5117-768x768.jpg 768w\" sizes=\"auto, (max-width: 150px) 100vw, 150px\" \/><\/a>\n\t\t\t<\/dt>\n<\/dl>\n<dl class='gallery-item'>\n<dt class='gallery-icon landscape'>\n\t\t\t\t<a data-elementor-open-lightbox=\"yes\" data-elementor-lightbox-slideshow=\"aec0057\" data-elementor-lightbox-title=\"TMC_5130\" data-e-action-hash=\"#elementor-action%3Aaction%3Dlightbox%26settings%3DeyJpZCI6Nzk5MiwidXJsIjoiaHR0cHM6XC9cL2FndmNlcmNhbC5lZHUuZ292LnB0XC9zaXRlXC93cC1jb250ZW50XC91cGxvYWRzXC8yMDI0XC8wMlwvVE1DXzUxMzAtMS5qcGciLCJzbGlkZXNob3ciOiJhZWMwMDU3In0%3D\" href=\"https:\/\/i0.wp.com\/agvcercal.edu.gov.pt\/site\/wp-content\/uploads\/2024\/02\/TMC_5130-1.jpg?ssl=1\"><img data-recalc-dims=\"1\" width=\"150\" height=\"150\" src=\"https:\/\/i0.wp.com\/agvcercal.edu.gov.pt\/site\/wp-content\/uploads\/2024\/02\/TMC_5130-1.jpg?resize=150%2C150&#038;ssl=1\" alt=\"\" decoding=\"async\" loading=\"lazy\" srcset=\"https:\/\/agvcercal.edu.gov.pt\/site\/wp-content\/uploads\/2024\/02\/TMC_5130-1-150x150.jpg 150w, https:\/\/agvcercal.edu.gov.pt\/site\/wp-content\/uploads\/2024\/02\/TMC_5130-1-300x300.jpg 300w, https:\/\/agvcercal.edu.gov.pt\/site\/wp-content\/uploads\/2024\/02\/TMC_5130-1-768x768.jpg 768w\" sizes=\"auto, (max-width: 150px) 100vw, 150px\" \/><\/a>\n\t\t\t<\/dt>\n<\/dl>\n<dl class='gallery-item'>\n<dt class='gallery-icon landscape'>\n\t\t\t\t<a data-elementor-open-lightbox=\"yes\" data-elementor-lightbox-slideshow=\"aec0057\" data-elementor-lightbox-title=\"TMC_5137\" data-e-action-hash=\"#elementor-action%3Aaction%3Dlightbox%26settings%3DeyJpZCI6Nzk5MywidXJsIjoiaHR0cHM6XC9cL2FndmNlcmNhbC5lZHUuZ292LnB0XC9zaXRlXC93cC1jb250ZW50XC91cGxvYWRzXC8yMDI0XC8wMlwvVE1DXzUxMzcuanBnIiwic2xpZGVzaG93IjoiYWVjMDA1NyJ9\" href=\"https:\/\/i0.wp.com\/agvcercal.edu.gov.pt\/site\/wp-content\/uploads\/2024\/02\/TMC_5137.jpg?ssl=1\"><img data-recalc-dims=\"1\" width=\"150\" height=\"150\" src=\"https:\/\/i0.wp.com\/agvcercal.edu.gov.pt\/site\/wp-content\/uploads\/2024\/02\/TMC_5137.jpg?resize=150%2C150&#038;ssl=1\" alt=\"\" decoding=\"async\" loading=\"lazy\" srcset=\"https:\/\/agvcercal.edu.gov.pt\/site\/wp-content\/uploads\/2024\/02\/TMC_5137-150x150.jpg 150w, https:\/\/agvcercal.edu.gov.pt\/site\/wp-content\/uploads\/2024\/02\/TMC_5137-300x300.jpg 300w, https:\/\/agvcercal.edu.gov.pt\/site\/wp-content\/uploads\/2024\/02\/TMC_5137-768x768.jpg 768w\" sizes=\"auto, (max-width: 150px) 100vw, 150px\" \/><\/a>\n\t\t\t<\/dt>\n<\/dl>\n<dl class='gallery-item'>\n<dt class='gallery-icon landscape'>\n\t\t\t\t<a data-elementor-open-lightbox=\"yes\" data-elementor-lightbox-slideshow=\"aec0057\" data-elementor-lightbox-title=\"TMC_5141\" data-e-action-hash=\"#elementor-action%3Aaction%3Dlightbox%26settings%3DeyJpZCI6Nzk5NCwidXJsIjoiaHR0cHM6XC9cL2FndmNlcmNhbC5lZHUuZ292LnB0XC9zaXRlXC93cC1jb250ZW50XC91cGxvYWRzXC8yMDI0XC8wMlwvVE1DXzUxNDEuanBnIiwic2xpZGVzaG93IjoiYWVjMDA1NyJ9\" href=\"https:\/\/i0.wp.com\/agvcercal.edu.gov.pt\/site\/wp-content\/uploads\/2024\/02\/TMC_5141.jpg?ssl=1\"><img data-recalc-dims=\"1\" width=\"150\" height=\"150\" src=\"https:\/\/i0.wp.com\/agvcercal.edu.gov.pt\/site\/wp-content\/uploads\/2024\/02\/TMC_5141.jpg?resize=150%2C150&#038;ssl=1\" alt=\"\" decoding=\"async\" loading=\"lazy\" srcset=\"https:\/\/agvcercal.edu.gov.pt\/site\/wp-content\/uploads\/2024\/02\/TMC_5141-150x150.jpg 150w, https:\/\/agvcercal.edu.gov.pt\/site\/wp-content\/uploads\/2024\/02\/TMC_5141-300x300.jpg 300w, https:\/\/agvcercal.edu.gov.pt\/site\/wp-content\/uploads\/2024\/02\/TMC_5141-768x768.jpg 768w\" sizes=\"auto, (max-width: 150px) 100vw, 150px\" \/><\/a>\n\t\t\t<\/dt>\n<\/dl>\n<p><br style=\"clear: both\" \/><\/p>\n","protected":false},"excerpt":{"rendered":"<p>Na quarta-feira, dia 14 de fevereiro, os alunos das turmas do 6\u00ba ano participaram na atividade \u201cABC das Plantas\u201d , assim como, os alunos do 8\u00ba \u00a0na atividade \u201cHaja Luz na Mina\u201d sob a orienta\u00e7\u00e3o do Centro de Ci\u00eancia Viva do Lousal. Estas atividades foram patrocinadas pelo projeto \u201cLemos Todos com a Biblioteca Escolar\u201d, \u00a0uma [&hellip;]<\/p>\n","protected":false},"author":1,"featured_media":7986,"comment_status":"closed","ping_status":"open","sticky":false,"template":"","format":"standard","meta":{"_jetpack_memberships_contains_paid_content":false,"footnotes":""},"categories":[343],"tags":[344,357,501],"class_list":["post-7983","post","type-post","status-publish","format-standard","has-post-thumbnail","hentry","category-atividades","tag-atividades","tag-biblioteca-escolar","tag-centro-ciencia-viva"],"jetpack_featured_media_url":"https:\/\/i0.wp.com\/agvcercal.edu.gov.pt\/site\/wp-content\/uploads\/2024\/02\/TMC_5130.jpg?fit=1280%2C852&ssl=1","jetpack-related-posts":[],"jetpack_sharing_enabled":true,"_links":{"self":[{"href":"https:\/\/agvcercal.edu.gov.pt\/site\/wp-json\/wp\/v2\/posts\/7983","targetHints":{"allow":["GET"]}}],"collection":[{"href":"https:\/\/agvcercal.edu.gov.pt\/site\/wp-json\/wp\/v2\/posts"}],"about":[{"href":"https:\/\/agvcercal.edu.gov.pt\/site\/wp-json\/wp\/v2\/types\/post"}],"author":[{"embeddable":true,"href":"https:\/\/agvcercal.edu.gov.pt\/site\/wp-json\/wp\/v2\/users\/1"}],"replies":[{"embeddable":true,"href":"https:\/\/agvcercal.edu.gov.pt\/site\/wp-json\/wp\/v2\/comments?post=7983"}],"version-history":[{"count":5,"href":"https:\/\/agvcercal.edu.gov.pt\/site\/wp-json\/wp\/v2\/posts\/7983\/revisions"}],"predecessor-version":[{"id":7998,"href":"https:\/\/agvcercal.edu.gov.pt\/site\/wp-json\/wp\/v2\/posts\/7983\/revisions\/7998"}],"wp:featuredmedia":[{"embeddable":true,"href":"https:\/\/agvcercal.edu.gov.pt\/site\/wp-json\/wp\/v2\/media\/7986"}],"wp:attachment":[{"href":"https:\/\/agvcercal.edu.gov.pt\/site\/wp-json\/wp\/v2\/media?parent=7983"}],"wp:term":[{"taxonomy":"category","embeddable":true,"href":"https:\/\/agvcercal.edu.gov.pt\/site\/wp-json\/wp\/v2\/categories?post=7983"},{"taxonomy":"post_tag","embeddable":true,"href":"https:\/\/agvcercal.edu.gov.pt\/site\/wp-json\/wp\/v2\/tags?post=7983"}],"curies":[{"name":"wp","href":"https:\/\/api.w.org\/{rel}","templated":true}]}}