{"id":8073,"date":"2024-02-22T11:54:18","date_gmt":"2024-02-22T11:54:18","guid":{"rendered":"https:\/\/agvcercal.edu.gov.pt\/site\/?p=8073"},"modified":"2024-02-22T11:56:37","modified_gmt":"2024-02-22T11:56:37","slug":"faz-ouvir-a-tua-voz-2024-pnl-2027","status":"publish","type":"post","link":"https:\/\/agvcercal.edu.gov.pt\/site\/faz-ouvir-a-tua-voz-2024-pnl-2027\/","title":{"rendered":"Faz ouvir a tua voz! 2024 &#8211; PNL 2027"},"content":{"rendered":"<p>Respondemos ao desafio <strong><em>Faz ouvir a tua voz! 2024 &#8211; PNL 2027<\/em><\/strong>\u00a0 e comemoramos o Dia Mundial da Leitura em Voz Alta. Em 53 grava\u00e7\u00f5es \u00e1udio (39\u00a0alunos, 11 professores, 1 psic\u00f3loga e 3 assistentes operacionais)\u00a0recordamos textos censurados. Foi divertido, aprendemos, <strong>10 leituras foram selecionadas a n\u00edvel nacional<\/strong>\u00a0e podem ser ouvidas no site do PNL (Plano Nacional da Leitura):<\/p>\n<p><a href=\"https:\/\/www.pnl2027.gov.pt\/np4\/faz_ouvir_a_tua_voz_2024.html\" data-auth=\"NotApplicable\">https:\/\/www.pnl2027.gov.pt\/np4\/faz_ouvir_a_tua_voz_2024.html<\/a><\/p>\n<p>(Atividade da Biblioteca Escolar (BE) que articulou com as disciplinas de Portugu\u00eas e HGP\/Hist\u00f3ria)<\/p>\n<p>\u00a0<\/p>\n<style type=\"text\/css\">\n\t\t\t#gallery-3 {\n\t\t\t\tmargin: auto;\n\t\t\t}\n\t\t\t#gallery-3 .gallery-item {\n\t\t\t\tfloat: left;\n\t\t\t\tmargin-top: 10px;\n\t\t\t\ttext-align: center;\n\t\t\t\twidth: 33%;\n\t\t\t}\n\t\t\t#gallery-3 img {\n\t\t\t\tborder: 2px solid #cfcfcf;\n\t\t\t}\n\t\t\t#gallery-3 .gallery-caption {\n\t\t\t\tmargin-left: 0;\n\t\t\t}\n\t\t\t\/* see gallery_shortcode() in wp-includes\/media.php *\/\n\t\t<\/style>\n<dl class='gallery-item'>\n<dt class='gallery-icon portrait'>\n\t\t\t\t<a data-elementor-open-lightbox=\"yes\" data-elementor-lightbox-slideshow=\"aec0057\" data-elementor-lightbox-title=\"Foto_Afonso\" data-e-action-hash=\"#elementor-action%3Aaction%3Dlightbox%26settings%3DeyJpZCI6ODA3NiwidXJsIjoiaHR0cHM6XC9cL2FndmNlcmNhbC5lZHUuZ292LnB0XC9zaXRlXC93cC1jb250ZW50XC91cGxvYWRzXC8yMDI0XC8wMlwvRm90b19BZm9uc28tc2NhbGVkLmpwZyIsInNsaWRlc2hvdyI6ImFlYzAwNTcifQ%3D%3D\" href=\"https:\/\/i0.wp.com\/agvcercal.edu.gov.pt\/site\/wp-content\/uploads\/2024\/02\/Foto_Afonso-scaled.jpg?ssl=1\"><img data-recalc-dims=\"1\" loading=\"lazy\" width=\"150\" height=\"150\" src=\"https:\/\/i0.wp.com\/agvcercal.edu.gov.pt\/site\/wp-content\/uploads\/2024\/02\/Foto_Afonso.jpg?resize=150%2C150&#038;ssl=1\" alt=\"\" decoding=\"async\" srcset=\"https:\/\/agvcercal.edu.gov.pt\/site\/wp-content\/uploads\/2024\/02\/Foto_Afonso-150x150.jpg 150w, https:\/\/agvcercal.edu.gov.pt\/site\/wp-content\/uploads\/2024\/02\/Foto_Afonso-300x300.jpg 300w, https:\/\/agvcercal.edu.gov.pt\/site\/wp-content\/uploads\/2024\/02\/Foto_Afonso-1024x1024.jpg 1024w, https:\/\/agvcercal.edu.gov.pt\/site\/wp-content\/uploads\/2024\/02\/Foto_Afonso-768x768.jpg 768w\" sizes=\"auto, (max-width: 150px) 100vw, 150px\" \/><\/a>\n\t\t\t<\/dt>\n<\/dl>\n<dl class='gallery-item'>\n<dt class='gallery-icon landscape'>\n\t\t\t\t<a data-elementor-open-lightbox=\"yes\" data-elementor-lightbox-slideshow=\"aec0057\" data-elementor-lightbox-title=\"Foto_Luis_Isabel_Rita_SaraRib_Fabio\" data-e-action-hash=\"#elementor-action%3Aaction%3Dlightbox%26settings%3DeyJpZCI6ODA3NywidXJsIjoiaHR0cHM6XC9cL2FndmNlcmNhbC5lZHUuZ292LnB0XC9zaXRlXC93cC1jb250ZW50XC91cGxvYWRzXC8yMDI0XC8wMlwvRm90b19MdWlzX0lzYWJlbF9SaXRhX1NhcmFSaWJfRmFiaW8uanBnIiwic2xpZGVzaG93IjoiYWVjMDA1NyJ9\" href=\"https:\/\/i0.wp.com\/agvcercal.edu.gov.pt\/site\/wp-content\/uploads\/2024\/02\/Foto_Luis_Isabel_Rita_SaraRib_Fabio.jpg?ssl=1\"><img data-recalc-dims=\"1\" loading=\"lazy\" width=\"150\" height=\"150\" src=\"https:\/\/i0.wp.com\/agvcercal.edu.gov.pt\/site\/wp-content\/uploads\/2024\/02\/Foto_Luis_Isabel_Rita_SaraRib_Fabio.jpg?resize=150%2C150&#038;ssl=1\" alt=\"\" decoding=\"async\" srcset=\"https:\/\/agvcercal.edu.gov.pt\/site\/wp-content\/uploads\/2024\/02\/Foto_Luis_Isabel_Rita_SaraRib_Fabio-150x150.jpg 150w, https:\/\/agvcercal.edu.gov.pt\/site\/wp-content\/uploads\/2024\/02\/Foto_Luis_Isabel_Rita_SaraRib_Fabio-300x300.jpg 300w, https:\/\/agvcercal.edu.gov.pt\/site\/wp-content\/uploads\/2024\/02\/Foto_Luis_Isabel_Rita_SaraRib_Fabio-768x768.jpg 768w\" sizes=\"auto, (max-width: 150px) 100vw, 150px\" \/><\/a>\n\t\t\t<\/dt>\n<\/dl>\n<dl class='gallery-item'>\n<dt class='gallery-icon landscape'>\n\t\t\t\t<a data-elementor-open-lightbox=\"yes\" data-elementor-lightbox-slideshow=\"aec0057\" data-elementor-lightbox-title=\"Foto_Patricia_Ana_Edna\" data-e-action-hash=\"#elementor-action%3Aaction%3Dlightbox%26settings%3DeyJpZCI6ODA3OCwidXJsIjoiaHR0cHM6XC9cL2FndmNlcmNhbC5lZHUuZ292LnB0XC9zaXRlXC93cC1jb250ZW50XC91cGxvYWRzXC8yMDI0XC8wMlwvRm90b19QYXRyaWNpYV9BbmFfRWRuYS5qcGciLCJzbGlkZXNob3ciOiJhZWMwMDU3In0%3D\" href=\"https:\/\/i0.wp.com\/agvcercal.edu.gov.pt\/site\/wp-content\/uploads\/2024\/02\/Foto_Patricia_Ana_Edna.jpg?ssl=1\"><img data-recalc-dims=\"1\" loading=\"lazy\" width=\"150\" height=\"150\" src=\"https:\/\/i0.wp.com\/agvcercal.edu.gov.pt\/site\/wp-content\/uploads\/2024\/02\/Foto_Patricia_Ana_Edna.jpg?resize=150%2C150&#038;ssl=1\" alt=\"\" decoding=\"async\" srcset=\"https:\/\/agvcercal.edu.gov.pt\/site\/wp-content\/uploads\/2024\/02\/Foto_Patricia_Ana_Edna-150x150.jpg 150w, https:\/\/agvcercal.edu.gov.pt\/site\/wp-content\/uploads\/2024\/02\/Foto_Patricia_Ana_Edna-300x300.jpg 300w, https:\/\/agvcercal.edu.gov.pt\/site\/wp-content\/uploads\/2024\/02\/Foto_Patricia_Ana_Edna-1024x1024.jpg 1024w, https:\/\/agvcercal.edu.gov.pt\/site\/wp-content\/uploads\/2024\/02\/Foto_Patricia_Ana_Edna-768x768.jpg 768w\" sizes=\"auto, (max-width: 150px) 100vw, 150px\" \/><\/a>\n\t\t\t<\/dt>\n<\/dl>\n<p><br style=\"clear: both\" \/><\/p>\n","protected":false},"excerpt":{"rendered":"<p>Respondemos ao desafio Faz ouvir a tua voz! 2024 &#8211; PNL 2027\u00a0 e comemoramos o Dia Mundial da Leitura em Voz Alta. Em 53 grava\u00e7\u00f5es \u00e1udio (39\u00a0alunos, 11 professores, 1 psic\u00f3loga e 3 assistentes operacionais)\u00a0recordamos textos censurados. Foi divertido, aprendemos, 10 leituras foram selecionadas a n\u00edvel nacional\u00a0e podem ser ouvidas no site do PNL (Plano [&hellip;]<\/p>\n","protected":false},"author":1,"featured_media":8074,"comment_status":"closed","ping_status":"open","sticky":false,"template":"","format":"standard","meta":{"_jetpack_memberships_contains_paid_content":false,"footnotes":""},"categories":[343],"tags":[344,357,506,505],"class_list":["post-8073","post","type-post","status-publish","format-standard","has-post-thumbnail","hentry","category-atividades","tag-atividades","tag-biblioteca-escolar","tag-faz-ouvir-a-tua-voz","tag-pnl"],"jetpack_featured_media_url":"https:\/\/i0.wp.com\/agvcercal.edu.gov.pt\/site\/wp-content\/uploads\/2024\/02\/Foto_Certificados.jpg?fit=2048%2C1536&ssl=1","jetpack-related-posts":[],"jetpack_sharing_enabled":true,"_links":{"self":[{"href":"https:\/\/agvcercal.edu.gov.pt\/site\/wp-json\/wp\/v2\/posts\/8073","targetHints":{"allow":["GET"]}}],"collection":[{"href":"https:\/\/agvcercal.edu.gov.pt\/site\/wp-json\/wp\/v2\/posts"}],"about":[{"href":"https:\/\/agvcercal.edu.gov.pt\/site\/wp-json\/wp\/v2\/types\/post"}],"author":[{"embeddable":true,"href":"https:\/\/agvcercal.edu.gov.pt\/site\/wp-json\/wp\/v2\/users\/1"}],"replies":[{"embeddable":true,"href":"https:\/\/agvcercal.edu.gov.pt\/site\/wp-json\/wp\/v2\/comments?post=8073"}],"version-history":[{"count":4,"href":"https:\/\/agvcercal.edu.gov.pt\/site\/wp-json\/wp\/v2\/posts\/8073\/revisions"}],"predecessor-version":[{"id":8081,"href":"https:\/\/agvcercal.edu.gov.pt\/site\/wp-json\/wp\/v2\/posts\/8073\/revisions\/8081"}],"wp:featuredmedia":[{"embeddable":true,"href":"https:\/\/agvcercal.edu.gov.pt\/site\/wp-json\/wp\/v2\/media\/8074"}],"wp:attachment":[{"href":"https:\/\/agvcercal.edu.gov.pt\/site\/wp-json\/wp\/v2\/media?parent=8073"}],"wp:term":[{"taxonomy":"category","embeddable":true,"href":"https:\/\/agvcercal.edu.gov.pt\/site\/wp-json\/wp\/v2\/categories?post=8073"},{"taxonomy":"post_tag","embeddable":true,"href":"https:\/\/agvcercal.edu.gov.pt\/site\/wp-json\/wp\/v2\/tags?post=8073"}],"curies":[{"name":"wp","href":"https:\/\/api.w.org\/{rel}","templated":true}]}}