{"id":8273,"date":"2024-05-02T10:00:32","date_gmt":"2024-05-02T10:00:32","guid":{"rendered":"https:\/\/agvcercal.edu.gov.pt\/site\/?p=8273"},"modified":"2024-05-02T10:07:39","modified_gmt":"2024-05-02T10:07:39","slug":"atividade-hospital-dos-brinquedos-no-jardim-de-infancia","status":"publish","type":"post","link":"https:\/\/agvcercal.edu.gov.pt\/site\/atividade-hospital-dos-brinquedos-no-jardim-de-infancia\/","title":{"rendered":"Atividade &#8220;Hospital dos Brinquedos&#8221; no Jardim-de-Inf\u00e2ncia"},"content":{"rendered":"<p>No dia 30 de abril o &#8220;Hospital dos Brinquedos &#8221; veio ao Jardim de Inf\u00e2ncia. As crian\u00e7as tiveram oportunidade de experimentar diferentes profiss\u00f5es relacionadas com a sa\u00fade e, munidas de estetosc\u00f3pios, term\u00f3metros, medidores de tens\u00e3o, pensos r\u00e1pidos e outros instrumentos, mergulharam no mundo da fantasia, onde cada boneco tinha uma dor para ser aliviada.<\/p>\n<p>Esta atividade foi dinamizada pelas Enfermeiras Sandra e Filipa da Unidade Local de Sa\u00fade do Litoral Alentejano.<\/p>\n<p>Foi uma atividade fant\u00e1stica que captou a curiosidade, aten\u00e7\u00e3o, interesse e entusiasmo das crian\u00e7as.<\/p>\n<p>As Educadoras de Inf\u00e2ncia<\/p>\n<p>Ana Paix\u00e3o\/C\u00e9lia Sousa\/Elisabete Sim\u00f5es.<\/p>\n<style type=\"text\/css\">\n\t\t\t#gallery-3 {\n\t\t\t\tmargin: auto;\n\t\t\t}\n\t\t\t#gallery-3 .gallery-item {\n\t\t\t\tfloat: left;\n\t\t\t\tmargin-top: 10px;\n\t\t\t\ttext-align: center;\n\t\t\t\twidth: 25%;\n\t\t\t}\n\t\t\t#gallery-3 img {\n\t\t\t\tborder: 2px solid #cfcfcf;\n\t\t\t}\n\t\t\t#gallery-3 .gallery-caption {\n\t\t\t\tmargin-left: 0;\n\t\t\t}\n\t\t\t\/* see gallery_shortcode() in wp-includes\/media.php *\/\n\t\t<\/style>\n<dl class='gallery-item'>\n<dt class='gallery-icon landscape'>\n\t\t\t\t<a data-elementor-open-lightbox=\"yes\" data-elementor-lightbox-slideshow=\"0ddf7f1\" data-elementor-lightbox-title=\"20240430_105611\" data-e-action-hash=\"#elementor-action%3Aaction%3Dlightbox%26settings%3DeyJpZCI6ODI3NiwidXJsIjoiaHR0cHM6XC9cL2FndmNlcmNhbC5lZHUuZ292LnB0XC9zaXRlXC93cC1jb250ZW50XC91cGxvYWRzXC8yMDI0XC8wNVwvMjAyNDA0MzBfMTA1NjExLXNjYWxlZC5qcGciLCJzbGlkZXNob3ciOiIwZGRmN2YxIn0%3D\" href=\"https:\/\/i0.wp.com\/agvcercal.edu.gov.pt\/site\/wp-content\/uploads\/2024\/05\/20240430_105611-scaled.jpg?ssl=1\"><img data-recalc-dims=\"1\" loading=\"lazy\" width=\"150\" height=\"150\" src=\"https:\/\/i0.wp.com\/agvcercal.edu.gov.pt\/site\/wp-content\/uploads\/2024\/05\/20240430_105611.jpg?resize=150%2C150&#038;ssl=1\" alt=\"\" decoding=\"async\" srcset=\"https:\/\/agvcercal.edu.gov.pt\/site\/wp-content\/uploads\/2024\/05\/20240430_105611-150x150.jpg 150w, https:\/\/agvcercal.edu.gov.pt\/site\/wp-content\/uploads\/2024\/05\/20240430_105611-300x300.jpg 300w, https:\/\/agvcercal.edu.gov.pt\/site\/wp-content\/uploads\/2024\/05\/20240430_105611-1024x1024.jpg 1024w, https:\/\/agvcercal.edu.gov.pt\/site\/wp-content\/uploads\/2024\/05\/20240430_105611-768x768.jpg 768w\" sizes=\"auto, (max-width: 150px) 100vw, 150px\" \/><\/a>\n\t\t\t<\/dt>\n<\/dl>\n<dl class='gallery-item'>\n<dt class='gallery-icon landscape'>\n\t\t\t\t<a data-elementor-open-lightbox=\"yes\" data-elementor-lightbox-slideshow=\"0ddf7f1\" data-elementor-lightbox-title=\"20240430_111010\" data-e-action-hash=\"#elementor-action%3Aaction%3Dlightbox%26settings%3DeyJpZCI6ODI3NywidXJsIjoiaHR0cHM6XC9cL2FndmNlcmNhbC5lZHUuZ292LnB0XC9zaXRlXC93cC1jb250ZW50XC91cGxvYWRzXC8yMDI0XC8wNVwvMjAyNDA0MzBfMTExMDEwLXNjYWxlZC5qcGciLCJzbGlkZXNob3ciOiIwZGRmN2YxIn0%3D\" href=\"https:\/\/i0.wp.com\/agvcercal.edu.gov.pt\/site\/wp-content\/uploads\/2024\/05\/20240430_111010-scaled.jpg?ssl=1\"><img data-recalc-dims=\"1\" loading=\"lazy\" width=\"150\" height=\"150\" src=\"https:\/\/i0.wp.com\/agvcercal.edu.gov.pt\/site\/wp-content\/uploads\/2024\/05\/20240430_111010.jpg?resize=150%2C150&#038;ssl=1\" alt=\"\" decoding=\"async\" srcset=\"https:\/\/agvcercal.edu.gov.pt\/site\/wp-content\/uploads\/2024\/05\/20240430_111010-150x150.jpg 150w, https:\/\/agvcercal.edu.gov.pt\/site\/wp-content\/uploads\/2024\/05\/20240430_111010-300x300.jpg 300w, https:\/\/agvcercal.edu.gov.pt\/site\/wp-content\/uploads\/2024\/05\/20240430_111010-1024x1024.jpg 1024w, https:\/\/agvcercal.edu.gov.pt\/site\/wp-content\/uploads\/2024\/05\/20240430_111010-768x768.jpg 768w\" sizes=\"auto, (max-width: 150px) 100vw, 150px\" \/><\/a>\n\t\t\t<\/dt>\n<\/dl>\n<dl class='gallery-item'>\n<dt class='gallery-icon portrait'>\n\t\t\t\t<a data-elementor-open-lightbox=\"yes\" data-elementor-lightbox-slideshow=\"0ddf7f1\" data-elementor-lightbox-title=\"20240430_111145\" data-e-action-hash=\"#elementor-action%3Aaction%3Dlightbox%26settings%3DeyJpZCI6ODI3OCwidXJsIjoiaHR0cHM6XC9cL2FndmNlcmNhbC5lZHUuZ292LnB0XC9zaXRlXC93cC1jb250ZW50XC91cGxvYWRzXC8yMDI0XC8wNVwvMjAyNDA0MzBfMTExMTQ1LXNjYWxlZC5qcGciLCJzbGlkZXNob3ciOiIwZGRmN2YxIn0%3D\" href=\"https:\/\/i0.wp.com\/agvcercal.edu.gov.pt\/site\/wp-content\/uploads\/2024\/05\/20240430_111145-scaled.jpg?ssl=1\"><img data-recalc-dims=\"1\" loading=\"lazy\" width=\"150\" height=\"150\" src=\"https:\/\/i0.wp.com\/agvcercal.edu.gov.pt\/site\/wp-content\/uploads\/2024\/05\/20240430_111145.jpg?resize=150%2C150&#038;ssl=1\" alt=\"\" decoding=\"async\" srcset=\"https:\/\/agvcercal.edu.gov.pt\/site\/wp-content\/uploads\/2024\/05\/20240430_111145-150x150.jpg 150w, https:\/\/agvcercal.edu.gov.pt\/site\/wp-content\/uploads\/2024\/05\/20240430_111145-300x300.jpg 300w, https:\/\/agvcercal.edu.gov.pt\/site\/wp-content\/uploads\/2024\/05\/20240430_111145-1024x1024.jpg 1024w, https:\/\/agvcercal.edu.gov.pt\/site\/wp-content\/uploads\/2024\/05\/20240430_111145-768x768.jpg 768w\" sizes=\"auto, (max-width: 150px) 100vw, 150px\" \/><\/a>\n\t\t\t<\/dt>\n<\/dl>\n<dl class='gallery-item'>\n<dt class='gallery-icon portrait'>\n\t\t\t\t<a data-elementor-open-lightbox=\"yes\" data-elementor-lightbox-slideshow=\"0ddf7f1\" data-elementor-lightbox-title=\"20240430_111221\" data-e-action-hash=\"#elementor-action%3Aaction%3Dlightbox%26settings%3DeyJpZCI6ODI3OSwidXJsIjoiaHR0cHM6XC9cL2FndmNlcmNhbC5lZHUuZ292LnB0XC9zaXRlXC93cC1jb250ZW50XC91cGxvYWRzXC8yMDI0XC8wNVwvMjAyNDA0MzBfMTExMjIxLXNjYWxlZC5qcGciLCJzbGlkZXNob3ciOiIwZGRmN2YxIn0%3D\" href=\"https:\/\/i0.wp.com\/agvcercal.edu.gov.pt\/site\/wp-content\/uploads\/2024\/05\/20240430_111221-scaled.jpg?ssl=1\"><img data-recalc-dims=\"1\" loading=\"lazy\" width=\"150\" height=\"150\" src=\"https:\/\/i0.wp.com\/agvcercal.edu.gov.pt\/site\/wp-content\/uploads\/2024\/05\/20240430_111221.jpg?resize=150%2C150&#038;ssl=1\" alt=\"\" decoding=\"async\" srcset=\"https:\/\/agvcercal.edu.gov.pt\/site\/wp-content\/uploads\/2024\/05\/20240430_111221-150x150.jpg 150w, https:\/\/agvcercal.edu.gov.pt\/site\/wp-content\/uploads\/2024\/05\/20240430_111221-300x300.jpg 300w, https:\/\/agvcercal.edu.gov.pt\/site\/wp-content\/uploads\/2024\/05\/20240430_111221-1024x1024.jpg 1024w, https:\/\/agvcercal.edu.gov.pt\/site\/wp-content\/uploads\/2024\/05\/20240430_111221-768x768.jpg 768w\" sizes=\"auto, (max-width: 150px) 100vw, 150px\" \/><\/a>\n\t\t\t<\/dt>\n<\/dl>\n<p><br style=\"clear: both\" \/><\/p>\n<dl class='gallery-item'>\n<dt class='gallery-icon portrait'>\n\t\t\t\t<a data-elementor-open-lightbox=\"yes\" data-elementor-lightbox-slideshow=\"0ddf7f1\" data-elementor-lightbox-title=\"20240430_110049\" data-e-action-hash=\"#elementor-action%3Aaction%3Dlightbox%26settings%3DeyJpZCI6ODI4MCwidXJsIjoiaHR0cHM6XC9cL2FndmNlcmNhbC5lZHUuZ292LnB0XC9zaXRlXC93cC1jb250ZW50XC91cGxvYWRzXC8yMDI0XC8wNVwvMjAyNDA0MzBfMTEwMDQ5LXNjYWxlZC5qcGciLCJzbGlkZXNob3ciOiIwZGRmN2YxIn0%3D\" href=\"https:\/\/i0.wp.com\/agvcercal.edu.gov.pt\/site\/wp-content\/uploads\/2024\/05\/20240430_110049-scaled.jpg?ssl=1\"><img data-recalc-dims=\"1\" loading=\"lazy\" width=\"150\" height=\"150\" src=\"https:\/\/i0.wp.com\/agvcercal.edu.gov.pt\/site\/wp-content\/uploads\/2024\/05\/20240430_110049.jpg?resize=150%2C150&#038;ssl=1\" alt=\"\" decoding=\"async\" srcset=\"https:\/\/agvcercal.edu.gov.pt\/site\/wp-content\/uploads\/2024\/05\/20240430_110049-150x150.jpg 150w, https:\/\/agvcercal.edu.gov.pt\/site\/wp-content\/uploads\/2024\/05\/20240430_110049-300x300.jpg 300w, https:\/\/agvcercal.edu.gov.pt\/site\/wp-content\/uploads\/2024\/05\/20240430_110049-1024x1024.jpg 1024w, https:\/\/agvcercal.edu.gov.pt\/site\/wp-content\/uploads\/2024\/05\/20240430_110049-768x768.jpg 768w\" sizes=\"auto, (max-width: 150px) 100vw, 150px\" \/><\/a>\n\t\t\t<\/dt>\n<\/dl>\n<dl class='gallery-item'>\n<dt class='gallery-icon landscape'>\n\t\t\t\t<a data-elementor-open-lightbox=\"yes\" data-elementor-lightbox-slideshow=\"0ddf7f1\" data-elementor-lightbox-title=\"20240430_110608\" data-e-action-hash=\"#elementor-action%3Aaction%3Dlightbox%26settings%3DeyJpZCI6ODI4MiwidXJsIjoiaHR0cHM6XC9cL2FndmNlcmNhbC5lZHUuZ292LnB0XC9zaXRlXC93cC1jb250ZW50XC91cGxvYWRzXC8yMDI0XC8wNVwvMjAyNDA0MzBfMTEwNjA4LXNjYWxlZC5qcGciLCJzbGlkZXNob3ciOiIwZGRmN2YxIn0%3D\" href=\"https:\/\/i0.wp.com\/agvcercal.edu.gov.pt\/site\/wp-content\/uploads\/2024\/05\/20240430_110608-scaled.jpg?ssl=1\"><img data-recalc-dims=\"1\" loading=\"lazy\" width=\"150\" height=\"150\" src=\"https:\/\/i0.wp.com\/agvcercal.edu.gov.pt\/site\/wp-content\/uploads\/2024\/05\/20240430_110608.jpg?resize=150%2C150&#038;ssl=1\" alt=\"\" decoding=\"async\" srcset=\"https:\/\/agvcercal.edu.gov.pt\/site\/wp-content\/uploads\/2024\/05\/20240430_110608-150x150.jpg 150w, https:\/\/agvcercal.edu.gov.pt\/site\/wp-content\/uploads\/2024\/05\/20240430_110608-300x300.jpg 300w, https:\/\/agvcercal.edu.gov.pt\/site\/wp-content\/uploads\/2024\/05\/20240430_110608-1024x1024.jpg 1024w, https:\/\/agvcercal.edu.gov.pt\/site\/wp-content\/uploads\/2024\/05\/20240430_110608-768x768.jpg 768w\" sizes=\"auto, (max-width: 150px) 100vw, 150px\" \/><\/a>\n\t\t\t<\/dt>\n<\/dl>\n<dl class='gallery-item'>\n<dt class='gallery-icon portrait'>\n\t\t\t\t<a data-elementor-open-lightbox=\"yes\" data-elementor-lightbox-slideshow=\"0ddf7f1\" data-elementor-lightbox-title=\"20240430_111337\" data-e-action-hash=\"#elementor-action%3Aaction%3Dlightbox%26settings%3DeyJpZCI6ODI4MywidXJsIjoiaHR0cHM6XC9cL2FndmNlcmNhbC5lZHUuZ292LnB0XC9zaXRlXC93cC1jb250ZW50XC91cGxvYWRzXC8yMDI0XC8wNVwvMjAyNDA0MzBfMTExMzM3LXNjYWxlZC5qcGciLCJzbGlkZXNob3ciOiIwZGRmN2YxIn0%3D\" href=\"https:\/\/i0.wp.com\/agvcercal.edu.gov.pt\/site\/wp-content\/uploads\/2024\/05\/20240430_111337-scaled.jpg?ssl=1\"><img data-recalc-dims=\"1\" loading=\"lazy\" width=\"150\" height=\"150\" src=\"https:\/\/i0.wp.com\/agvcercal.edu.gov.pt\/site\/wp-content\/uploads\/2024\/05\/20240430_111337.jpg?resize=150%2C150&#038;ssl=1\" alt=\"\" decoding=\"async\" srcset=\"https:\/\/agvcercal.edu.gov.pt\/site\/wp-content\/uploads\/2024\/05\/20240430_111337-150x150.jpg 150w, https:\/\/agvcercal.edu.gov.pt\/site\/wp-content\/uploads\/2024\/05\/20240430_111337-300x300.jpg 300w, https:\/\/agvcercal.edu.gov.pt\/site\/wp-content\/uploads\/2024\/05\/20240430_111337-1024x1024.jpg 1024w, https:\/\/agvcercal.edu.gov.pt\/site\/wp-content\/uploads\/2024\/05\/20240430_111337-768x768.jpg 768w\" sizes=\"auto, (max-width: 150px) 100vw, 150px\" \/><\/a>\n\t\t\t<\/dt>\n<\/dl>\n<dl class='gallery-item'>\n<dt class='gallery-icon portrait'>\n\t\t\t\t<a data-elementor-open-lightbox=\"yes\" data-elementor-lightbox-slideshow=\"0ddf7f1\" data-elementor-lightbox-title=\"IMG-20240430-WA0057\" data-e-action-hash=\"#elementor-action%3Aaction%3Dlightbox%26settings%3DeyJpZCI6ODI4NCwidXJsIjoiaHR0cHM6XC9cL2FndmNlcmNhbC5lZHUuZ292LnB0XC9zaXRlXC93cC1jb250ZW50XC91cGxvYWRzXC8yMDI0XC8wNVwvSU1HLTIwMjQwNDMwLVdBMDA1Ny5qcGciLCJzbGlkZXNob3ciOiIwZGRmN2YxIn0%3D\" href=\"https:\/\/i0.wp.com\/agvcercal.edu.gov.pt\/site\/wp-content\/uploads\/2024\/05\/IMG-20240430-WA0057.jpg?ssl=1\"><img data-recalc-dims=\"1\" loading=\"lazy\" width=\"150\" height=\"150\" src=\"https:\/\/i0.wp.com\/agvcercal.edu.gov.pt\/site\/wp-content\/uploads\/2024\/05\/IMG-20240430-WA0057.jpg?resize=150%2C150&#038;ssl=1\" alt=\"\" decoding=\"async\" srcset=\"https:\/\/agvcercal.edu.gov.pt\/site\/wp-content\/uploads\/2024\/05\/IMG-20240430-WA0057-150x150.jpg 150w, https:\/\/agvcercal.edu.gov.pt\/site\/wp-content\/uploads\/2024\/05\/IMG-20240430-WA0057-300x300.jpg 300w, https:\/\/agvcercal.edu.gov.pt\/site\/wp-content\/uploads\/2024\/05\/IMG-20240430-WA0057-1024x1024.jpg 1024w, https:\/\/agvcercal.edu.gov.pt\/site\/wp-content\/uploads\/2024\/05\/IMG-20240430-WA0057-768x768.jpg 768w\" sizes=\"auto, (max-width: 150px) 100vw, 150px\" \/><\/a>\n\t\t\t<\/dt>\n<\/dl>\n<p><br style=\"clear: both\" \/><\/p>\n<dl class='gallery-item'>\n<dt class='gallery-icon portrait'>\n\t\t\t\t<a data-elementor-open-lightbox=\"yes\" data-elementor-lightbox-slideshow=\"0ddf7f1\" data-elementor-lightbox-title=\"IMG-20240430-WA0058\" data-e-action-hash=\"#elementor-action%3Aaction%3Dlightbox%26settings%3DeyJpZCI6ODI4NSwidXJsIjoiaHR0cHM6XC9cL2FndmNlcmNhbC5lZHUuZ292LnB0XC9zaXRlXC93cC1jb250ZW50XC91cGxvYWRzXC8yMDI0XC8wNVwvSU1HLTIwMjQwNDMwLVdBMDA1OC5qcGciLCJzbGlkZXNob3ciOiIwZGRmN2YxIn0%3D\" href=\"https:\/\/i0.wp.com\/agvcercal.edu.gov.pt\/site\/wp-content\/uploads\/2024\/05\/IMG-20240430-WA0058.jpg?ssl=1\"><img data-recalc-dims=\"1\" loading=\"lazy\" width=\"150\" height=\"150\" src=\"https:\/\/i0.wp.com\/agvcercal.edu.gov.pt\/site\/wp-content\/uploads\/2024\/05\/IMG-20240430-WA0058.jpg?resize=150%2C150&#038;ssl=1\" alt=\"\" decoding=\"async\" srcset=\"https:\/\/agvcercal.edu.gov.pt\/site\/wp-content\/uploads\/2024\/05\/IMG-20240430-WA0058-150x150.jpg 150w, https:\/\/agvcercal.edu.gov.pt\/site\/wp-content\/uploads\/2024\/05\/IMG-20240430-WA0058-300x300.jpg 300w, https:\/\/agvcercal.edu.gov.pt\/site\/wp-content\/uploads\/2024\/05\/IMG-20240430-WA0058-1024x1024.jpg 1024w, https:\/\/agvcercal.edu.gov.pt\/site\/wp-content\/uploads\/2024\/05\/IMG-20240430-WA0058-768x768.jpg 768w\" sizes=\"auto, (max-width: 150px) 100vw, 150px\" \/><\/a>\n\t\t\t<\/dt>\n<\/dl>\n<dl class='gallery-item'>\n<dt class='gallery-icon portrait'>\n\t\t\t\t<a data-elementor-open-lightbox=\"yes\" data-elementor-lightbox-slideshow=\"0ddf7f1\" data-elementor-lightbox-title=\"IMG-20240430-WA0059\" data-e-action-hash=\"#elementor-action%3Aaction%3Dlightbox%26settings%3DeyJpZCI6ODI4NiwidXJsIjoiaHR0cHM6XC9cL2FndmNlcmNhbC5lZHUuZ292LnB0XC9zaXRlXC93cC1jb250ZW50XC91cGxvYWRzXC8yMDI0XC8wNVwvSU1HLTIwMjQwNDMwLVdBMDA1OS5qcGciLCJzbGlkZXNob3ciOiIwZGRmN2YxIn0%3D\" href=\"https:\/\/i0.wp.com\/agvcercal.edu.gov.pt\/site\/wp-content\/uploads\/2024\/05\/IMG-20240430-WA0059.jpg?ssl=1\"><img data-recalc-dims=\"1\" loading=\"lazy\" width=\"150\" height=\"150\" src=\"https:\/\/i0.wp.com\/agvcercal.edu.gov.pt\/site\/wp-content\/uploads\/2024\/05\/IMG-20240430-WA0059.jpg?resize=150%2C150&#038;ssl=1\" alt=\"\" decoding=\"async\" srcset=\"https:\/\/agvcercal.edu.gov.pt\/site\/wp-content\/uploads\/2024\/05\/IMG-20240430-WA0059-150x150.jpg 150w, https:\/\/agvcercal.edu.gov.pt\/site\/wp-content\/uploads\/2024\/05\/IMG-20240430-WA0059-300x300.jpg 300w, https:\/\/agvcercal.edu.gov.pt\/site\/wp-content\/uploads\/2024\/05\/IMG-20240430-WA0059-1024x1024.jpg 1024w, https:\/\/agvcercal.edu.gov.pt\/site\/wp-content\/uploads\/2024\/05\/IMG-20240430-WA0059-768x768.jpg 768w\" sizes=\"auto, (max-width: 150px) 100vw, 150px\" \/><\/a>\n\t\t\t<\/dt>\n<\/dl>\n<dl class='gallery-item'>\n<dt class='gallery-icon portrait'>\n\t\t\t\t<a data-elementor-open-lightbox=\"yes\" data-elementor-lightbox-slideshow=\"0ddf7f1\" data-elementor-lightbox-title=\"IMG-20240430-WA0060\" data-e-action-hash=\"#elementor-action%3Aaction%3Dlightbox%26settings%3DeyJpZCI6ODI4NywidXJsIjoiaHR0cHM6XC9cL2FndmNlcmNhbC5lZHUuZ292LnB0XC9zaXRlXC93cC1jb250ZW50XC91cGxvYWRzXC8yMDI0XC8wNVwvSU1HLTIwMjQwNDMwLVdBMDA2MC5qcGciLCJzbGlkZXNob3ciOiIwZGRmN2YxIn0%3D\" href=\"https:\/\/i0.wp.com\/agvcercal.edu.gov.pt\/site\/wp-content\/uploads\/2024\/05\/IMG-20240430-WA0060.jpg?ssl=1\"><img data-recalc-dims=\"1\" loading=\"lazy\" width=\"150\" height=\"150\" src=\"https:\/\/i0.wp.com\/agvcercal.edu.gov.pt\/site\/wp-content\/uploads\/2024\/05\/IMG-20240430-WA0060.jpg?resize=150%2C150&#038;ssl=1\" alt=\"\" decoding=\"async\" srcset=\"https:\/\/agvcercal.edu.gov.pt\/site\/wp-content\/uploads\/2024\/05\/IMG-20240430-WA0060-150x150.jpg 150w, https:\/\/agvcercal.edu.gov.pt\/site\/wp-content\/uploads\/2024\/05\/IMG-20240430-WA0060-300x300.jpg 300w, https:\/\/agvcercal.edu.gov.pt\/site\/wp-content\/uploads\/2024\/05\/IMG-20240430-WA0060-1024x1024.jpg 1024w, https:\/\/agvcercal.edu.gov.pt\/site\/wp-content\/uploads\/2024\/05\/IMG-20240430-WA0060-768x768.jpg 768w\" sizes=\"auto, (max-width: 150px) 100vw, 150px\" \/><\/a>\n\t\t\t<\/dt>\n<\/dl>\n<dl class='gallery-item'>\n<dt class='gallery-icon portrait'>\n\t\t\t\t<a data-elementor-open-lightbox=\"yes\" data-elementor-lightbox-slideshow=\"0ddf7f1\" data-elementor-lightbox-title=\"IMG-20240430-WA0061\" data-e-action-hash=\"#elementor-action%3Aaction%3Dlightbox%26settings%3DeyJpZCI6ODI4OCwidXJsIjoiaHR0cHM6XC9cL2FndmNlcmNhbC5lZHUuZ292LnB0XC9zaXRlXC93cC1jb250ZW50XC91cGxvYWRzXC8yMDI0XC8wNVwvSU1HLTIwMjQwNDMwLVdBMDA2MS5qcGciLCJzbGlkZXNob3ciOiIwZGRmN2YxIn0%3D\" href=\"https:\/\/i0.wp.com\/agvcercal.edu.gov.pt\/site\/wp-content\/uploads\/2024\/05\/IMG-20240430-WA0061.jpg?ssl=1\"><img data-recalc-dims=\"1\" loading=\"lazy\" width=\"150\" height=\"150\" src=\"https:\/\/i0.wp.com\/agvcercal.edu.gov.pt\/site\/wp-content\/uploads\/2024\/05\/IMG-20240430-WA0061.jpg?resize=150%2C150&#038;ssl=1\" alt=\"\" decoding=\"async\" srcset=\"https:\/\/agvcercal.edu.gov.pt\/site\/wp-content\/uploads\/2024\/05\/IMG-20240430-WA0061-150x150.jpg 150w, https:\/\/agvcercal.edu.gov.pt\/site\/wp-content\/uploads\/2024\/05\/IMG-20240430-WA0061-300x300.jpg 300w, https:\/\/agvcercal.edu.gov.pt\/site\/wp-content\/uploads\/2024\/05\/IMG-20240430-WA0061-1024x1024.jpg 1024w, https:\/\/agvcercal.edu.gov.pt\/site\/wp-content\/uploads\/2024\/05\/IMG-20240430-WA0061-768x768.jpg 768w\" sizes=\"auto, (max-width: 150px) 100vw, 150px\" \/><\/a>\n\t\t\t<\/dt>\n<\/dl>\n<p><br style=\"clear: both\" \/><\/p>\n<dl class='gallery-item'>\n<dt class='gallery-icon landscape'>\n\t\t\t\t<a data-elementor-open-lightbox=\"yes\" data-elementor-lightbox-slideshow=\"0ddf7f1\" data-elementor-lightbox-title=\"IMG-20240430-WA0064\" data-e-action-hash=\"#elementor-action%3Aaction%3Dlightbox%26settings%3DeyJpZCI6ODI4OSwidXJsIjoiaHR0cHM6XC9cL2FndmNlcmNhbC5lZHUuZ292LnB0XC9zaXRlXC93cC1jb250ZW50XC91cGxvYWRzXC8yMDI0XC8wNVwvSU1HLTIwMjQwNDMwLVdBMDA2NC5qcGciLCJzbGlkZXNob3ciOiIwZGRmN2YxIn0%3D\" href=\"https:\/\/i0.wp.com\/agvcercal.edu.gov.pt\/site\/wp-content\/uploads\/2024\/05\/IMG-20240430-WA0064.jpg?ssl=1\"><img data-recalc-dims=\"1\" loading=\"lazy\" width=\"150\" height=\"150\" src=\"https:\/\/i0.wp.com\/agvcercal.edu.gov.pt\/site\/wp-content\/uploads\/2024\/05\/IMG-20240430-WA0064.jpg?resize=150%2C150&#038;ssl=1\" alt=\"\" decoding=\"async\" srcset=\"https:\/\/agvcercal.edu.gov.pt\/site\/wp-content\/uploads\/2024\/05\/IMG-20240430-WA0064-150x150.jpg 150w, https:\/\/agvcercal.edu.gov.pt\/site\/wp-content\/uploads\/2024\/05\/IMG-20240430-WA0064-300x300.jpg 300w, https:\/\/agvcercal.edu.gov.pt\/site\/wp-content\/uploads\/2024\/05\/IMG-20240430-WA0064-1024x1024.jpg 1024w, https:\/\/agvcercal.edu.gov.pt\/site\/wp-content\/uploads\/2024\/05\/IMG-20240430-WA0064-768x768.jpg 768w\" sizes=\"auto, (max-width: 150px) 100vw, 150px\" \/><\/a>\n\t\t\t<\/dt>\n<\/dl>\n<dl class='gallery-item'>\n<dt class='gallery-icon portrait'>\n\t\t\t\t<a data-elementor-open-lightbox=\"yes\" data-elementor-lightbox-slideshow=\"0ddf7f1\" data-elementor-lightbox-title=\"IMG-20240430-WA0066\" data-e-action-hash=\"#elementor-action%3Aaction%3Dlightbox%26settings%3DeyJpZCI6ODI5MCwidXJsIjoiaHR0cHM6XC9cL2FndmNlcmNhbC5lZHUuZ292LnB0XC9zaXRlXC93cC1jb250ZW50XC91cGxvYWRzXC8yMDI0XC8wNVwvSU1HLTIwMjQwNDMwLVdBMDA2Ni5qcGciLCJzbGlkZXNob3ciOiIwZGRmN2YxIn0%3D\" href=\"https:\/\/i0.wp.com\/agvcercal.edu.gov.pt\/site\/wp-content\/uploads\/2024\/05\/IMG-20240430-WA0066.jpg?ssl=1\"><img data-recalc-dims=\"1\" loading=\"lazy\" width=\"150\" height=\"150\" src=\"https:\/\/i0.wp.com\/agvcercal.edu.gov.pt\/site\/wp-content\/uploads\/2024\/05\/IMG-20240430-WA0066.jpg?resize=150%2C150&#038;ssl=1\" alt=\"\" decoding=\"async\" srcset=\"https:\/\/agvcercal.edu.gov.pt\/site\/wp-content\/uploads\/2024\/05\/IMG-20240430-WA0066-150x150.jpg 150w, https:\/\/agvcercal.edu.gov.pt\/site\/wp-content\/uploads\/2024\/05\/IMG-20240430-WA0066-300x300.jpg 300w, https:\/\/agvcercal.edu.gov.pt\/site\/wp-content\/uploads\/2024\/05\/IMG-20240430-WA0066-1024x1024.jpg 1024w, https:\/\/agvcercal.edu.gov.pt\/site\/wp-content\/uploads\/2024\/05\/IMG-20240430-WA0066-768x768.jpg 768w\" sizes=\"auto, (max-width: 150px) 100vw, 150px\" \/><\/a>\n\t\t\t<\/dt>\n<\/dl>\n<dl class='gallery-item'>\n<dt class='gallery-icon landscape'>\n\t\t\t\t<a data-elementor-open-lightbox=\"yes\" data-elementor-lightbox-slideshow=\"0ddf7f1\" data-elementor-lightbox-title=\"IMG-20240430-WA0067\" data-e-action-hash=\"#elementor-action%3Aaction%3Dlightbox%26settings%3DeyJpZCI6ODI5MSwidXJsIjoiaHR0cHM6XC9cL2FndmNlcmNhbC5lZHUuZ292LnB0XC9zaXRlXC93cC1jb250ZW50XC91cGxvYWRzXC8yMDI0XC8wNVwvSU1HLTIwMjQwNDMwLVdBMDA2Ny0xLmpwZyIsInNsaWRlc2hvdyI6IjBkZGY3ZjEifQ%3D%3D\" href=\"https:\/\/i0.wp.com\/agvcercal.edu.gov.pt\/site\/wp-content\/uploads\/2024\/05\/IMG-20240430-WA0067-1.jpg?ssl=1\"><img data-recalc-dims=\"1\" loading=\"lazy\" width=\"150\" height=\"150\" src=\"https:\/\/i0.wp.com\/agvcercal.edu.gov.pt\/site\/wp-content\/uploads\/2024\/05\/IMG-20240430-WA0067-1.jpg?resize=150%2C150&#038;ssl=1\" alt=\"\" decoding=\"async\" srcset=\"https:\/\/agvcercal.edu.gov.pt\/site\/wp-content\/uploads\/2024\/05\/IMG-20240430-WA0067-1-150x150.jpg 150w, https:\/\/agvcercal.edu.gov.pt\/site\/wp-content\/uploads\/2024\/05\/IMG-20240430-WA0067-1-300x300.jpg 300w, https:\/\/agvcercal.edu.gov.pt\/site\/wp-content\/uploads\/2024\/05\/IMG-20240430-WA0067-1-1024x1024.jpg 1024w, https:\/\/agvcercal.edu.gov.pt\/site\/wp-content\/uploads\/2024\/05\/IMG-20240430-WA0067-1-768x768.jpg 768w\" sizes=\"auto, (max-width: 150px) 100vw, 150px\" \/><\/a>\n\t\t\t<\/dt>\n<\/dl>\n<dl class='gallery-item'>\n<dt class='gallery-icon portrait'>\n\t\t\t\t<a data-elementor-open-lightbox=\"yes\" data-elementor-lightbox-slideshow=\"0ddf7f1\" data-elementor-lightbox-title=\"IMG-20240430-WA0068\" data-e-action-hash=\"#elementor-action%3Aaction%3Dlightbox%26settings%3DeyJpZCI6ODI5MiwidXJsIjoiaHR0cHM6XC9cL2FndmNlcmNhbC5lZHUuZ292LnB0XC9zaXRlXC93cC1jb250ZW50XC91cGxvYWRzXC8yMDI0XC8wNVwvSU1HLTIwMjQwNDMwLVdBMDA2OC5qcGciLCJzbGlkZXNob3ciOiIwZGRmN2YxIn0%3D\" href=\"https:\/\/i0.wp.com\/agvcercal.edu.gov.pt\/site\/wp-content\/uploads\/2024\/05\/IMG-20240430-WA0068.jpg?ssl=1\"><img data-recalc-dims=\"1\" loading=\"lazy\" width=\"150\" height=\"150\" src=\"https:\/\/i0.wp.com\/agvcercal.edu.gov.pt\/site\/wp-content\/uploads\/2024\/05\/IMG-20240430-WA0068.jpg?resize=150%2C150&#038;ssl=1\" alt=\"\" decoding=\"async\" srcset=\"https:\/\/agvcercal.edu.gov.pt\/site\/wp-content\/uploads\/2024\/05\/IMG-20240430-WA0068-150x150.jpg 150w, https:\/\/agvcercal.edu.gov.pt\/site\/wp-content\/uploads\/2024\/05\/IMG-20240430-WA0068-300x300.jpg 300w, https:\/\/agvcercal.edu.gov.pt\/site\/wp-content\/uploads\/2024\/05\/IMG-20240430-WA0068-1024x1024.jpg 1024w, https:\/\/agvcercal.edu.gov.pt\/site\/wp-content\/uploads\/2024\/05\/IMG-20240430-WA0068-768x768.jpg 768w\" sizes=\"auto, (max-width: 150px) 100vw, 150px\" \/><\/a>\n\t\t\t<\/dt>\n<\/dl>\n<p><br style=\"clear: both\" \/><\/p>\n","protected":false},"excerpt":{"rendered":"<p>No dia 30 de abril o &#8220;Hospital dos Brinquedos &#8221; veio ao Jardim de Inf\u00e2ncia. As crian\u00e7as tiveram oportunidade de experimentar diferentes profiss\u00f5es relacionadas com a sa\u00fade e, munidas de estetosc\u00f3pios, term\u00f3metros, medidores de tens\u00e3o, pensos r\u00e1pidos e outros instrumentos, mergulharam no mundo da fantasia, onde cada boneco tinha uma dor para ser aliviada. Esta [&hellip;]<\/p>\n","protected":false},"author":1,"featured_media":8274,"comment_status":"closed","ping_status":"open","sticky":false,"template":"","format":"standard","meta":{"_jetpack_memberships_contains_paid_content":false,"footnotes":""},"categories":[343],"tags":[344,524,380],"class_list":["post-8273","post","type-post","status-publish","format-standard","has-post-thumbnail","hentry","category-atividades","tag-atividades","tag-hospital-dos-brinquedos","tag-jardim-de-infancia"],"jetpack_featured_media_url":"https:\/\/i0.wp.com\/agvcercal.edu.gov.pt\/site\/wp-content\/uploads\/2024\/05\/IMG-20240430-WA0067.jpg?fit=1600%2C1200&ssl=1","jetpack-related-posts":[],"jetpack_sharing_enabled":true,"_links":{"self":[{"href":"https:\/\/agvcercal.edu.gov.pt\/site\/wp-json\/wp\/v2\/posts\/8273","targetHints":{"allow":["GET"]}}],"collection":[{"href":"https:\/\/agvcercal.edu.gov.pt\/site\/wp-json\/wp\/v2\/posts"}],"about":[{"href":"https:\/\/agvcercal.edu.gov.pt\/site\/wp-json\/wp\/v2\/types\/post"}],"author":[{"embeddable":true,"href":"https:\/\/agvcercal.edu.gov.pt\/site\/wp-json\/wp\/v2\/users\/1"}],"replies":[{"embeddable":true,"href":"https:\/\/agvcercal.edu.gov.pt\/site\/wp-json\/wp\/v2\/comments?post=8273"}],"version-history":[{"count":8,"href":"https:\/\/agvcercal.edu.gov.pt\/site\/wp-json\/wp\/v2\/posts\/8273\/revisions"}],"predecessor-version":[{"id":8298,"href":"https:\/\/agvcercal.edu.gov.pt\/site\/wp-json\/wp\/v2\/posts\/8273\/revisions\/8298"}],"wp:featuredmedia":[{"embeddable":true,"href":"https:\/\/agvcercal.edu.gov.pt\/site\/wp-json\/wp\/v2\/media\/8274"}],"wp:attachment":[{"href":"https:\/\/agvcercal.edu.gov.pt\/site\/wp-json\/wp\/v2\/media?parent=8273"}],"wp:term":[{"taxonomy":"category","embeddable":true,"href":"https:\/\/agvcercal.edu.gov.pt\/site\/wp-json\/wp\/v2\/categories?post=8273"},{"taxonomy":"post_tag","embeddable":true,"href":"https:\/\/agvcercal.edu.gov.pt\/site\/wp-json\/wp\/v2\/tags?post=8273"}],"curies":[{"name":"wp","href":"https:\/\/api.w.org\/{rel}","templated":true}]}}