{"id":8299,"date":"2024-05-08T14:12:43","date_gmt":"2024-05-08T14:12:43","guid":{"rendered":"https:\/\/agvcercal.edu.gov.pt\/site\/?p=8299"},"modified":"2024-05-08T14:21:19","modified_gmt":"2024-05-08T14:21:19","slug":"projeto-da-rbe-abril-depois-de-abril","status":"publish","type":"post","link":"https:\/\/agvcercal.edu.gov.pt\/site\/projeto-da-rbe-abril-depois-de-abril\/","title":{"rendered":"Projeto da RBE &#8220;ABRIL DEPOIS DE ABRIL&#8221;"},"content":{"rendered":"<p>Os 50 anos do 25 de Abril foram comemorados na Escola sede do Agrupamento. Desde janeiro que os alunos dos 2\u00ba e 3\u00ba ciclos foram realizando trabalhos no \u00e2mbito do Projeto da RBE &#8220;ABRIL DEPOIS DE ABRIL&#8221;. Leram, observaram, refletiram, debateram e criaram trabalhos sobre a Liberdade e o 25 de Abril, salientando as diferen\u00e7as entre o antes e o depois -&#8220;FAZER ABRIL&#8221;-, a censura <em>versus<\/em>\u00a0liberdade de express\u00e3o &#8211; &#8220;ABRIL SEM CENSURA&#8221; e &#8220;CRIAR ABRIL&#8221;-.\u00a0<\/p>\n<p>Aprendeu-se, foi divertido e expuseram-se o Mural (9\u00baA e B), o Cravo Gigante (2\u00ba Ciclo e Clube das Artes), os Crach\u00e1s e <em>lettering<\/em>\u00a0(7\u00baA e B) e os Cravos (8\u00baA), A estes trabalhos juntaram a ABRILgrafia (montagens fotogr\u00e1ficas de F\u00e1bio Almeida) e exposi\u00e7\u00e3o &#8220;PARA AL\u00c9M DA GUERRA&#8221; (sobre a participa\u00e7\u00e3o dos soldados santiaguenses na Guerra Colonial), gentilmente cedida pela C\u00e2mara Municipal de Santiago do Cac\u00e9m.\u00a0<\/p>\n<p>O\u00a0PEDDY-LIBERDADE decorreu entre os dias 24 e 30\/04, onde alunos procuraram respostas sobre o 25 de Abril, algumas delas estavam com os adultos. Os vencedores receberam pr\u00e9mios cedidos pela Associa\u00e7\u00e3o 25 de Abril e Comiss\u00e3o Comemorativa 50 Anos 25 de Abril, a quem agradecemos.<\/p>\n<p>\u00a0<\/p>\n<p>Muito obrigada a todos os que participaram e que enalteceram o VALOR da LIBERDADE: alunos, professores (Cidadania, Portugu\u00eas, Hist\u00f3ria, EV e ET) e pessoal n\u00e3o docente.\u00a0<\/p>\n<p>\u00a0<\/p>\n<p>A equipa da BE<\/p>\n<style type=\"text\/css\">\n\t\t\t#gallery-1 {\n\t\t\t\tmargin: auto;\n\t\t\t}\n\t\t\t#gallery-1 .gallery-item {\n\t\t\t\tfloat: left;\n\t\t\t\tmargin-top: 10px;\n\t\t\t\ttext-align: center;\n\t\t\t\twidth: 25%;\n\t\t\t}\n\t\t\t#gallery-1 img {\n\t\t\t\tborder: 2px solid #cfcfcf;\n\t\t\t}\n\t\t\t#gallery-1 .gallery-caption {\n\t\t\t\tmargin-left: 0;\n\t\t\t}\n\t\t\t\/* see gallery_shortcode() in wp-includes\/media.php *\/\n\t\t<\/style>\n<dl class='gallery-item'>\n<dt class='gallery-icon landscape'>\n\t\t\t\t<a data-elementor-open-lightbox=\"yes\" data-elementor-lightbox-slideshow=\"0ddf7f1\" data-elementor-lightbox-title=\"1_Exp25Abril\" data-e-action-hash=\"#elementor-action%3Aaction%3Dlightbox%26settings%3DeyJpZCI6ODMwMiwidXJsIjoiaHR0cHM6XC9cL2FndmNlcmNhbC5lZHUuZ292LnB0XC9zaXRlXC93cC1jb250ZW50XC91cGxvYWRzXC8yMDI0XC8wNVwvMV9FeHAyNUFicmlsLXNjYWxlZC5qcGciLCJzbGlkZXNob3ciOiIwZGRmN2YxIn0%3D\" href=\"https:\/\/i0.wp.com\/agvcercal.edu.gov.pt\/site\/wp-content\/uploads\/2024\/05\/1_Exp25Abril-scaled.jpg?ssl=1\"><img data-recalc-dims=\"1\" loading=\"lazy\" width=\"150\" height=\"150\" src=\"https:\/\/i0.wp.com\/agvcercal.edu.gov.pt\/site\/wp-content\/uploads\/2024\/05\/1_Exp25Abril.jpg?resize=150%2C150&#038;ssl=1\" alt=\"\" decoding=\"async\" srcset=\"https:\/\/agvcercal.edu.gov.pt\/site\/wp-content\/uploads\/2024\/05\/1_Exp25Abril-150x150.jpg 150w, https:\/\/agvcercal.edu.gov.pt\/site\/wp-content\/uploads\/2024\/05\/1_Exp25Abril-300x300.jpg 300w, https:\/\/agvcercal.edu.gov.pt\/site\/wp-content\/uploads\/2024\/05\/1_Exp25Abril-1024x1024.jpg 1024w, https:\/\/agvcercal.edu.gov.pt\/site\/wp-content\/uploads\/2024\/05\/1_Exp25Abril-768x768.jpg 768w\" sizes=\"auto, (max-width: 150px) 100vw, 150px\" \/><\/a>\n\t\t\t<\/dt>\n<\/dl>\n<dl class='gallery-item'>\n<dt class='gallery-icon landscape'>\n\t\t\t\t<a data-elementor-open-lightbox=\"yes\" data-elementor-lightbox-slideshow=\"0ddf7f1\" data-elementor-lightbox-title=\"2_Exp25Abril\" data-e-action-hash=\"#elementor-action%3Aaction%3Dlightbox%26settings%3DeyJpZCI6ODMwMywidXJsIjoiaHR0cHM6XC9cL2FndmNlcmNhbC5lZHUuZ292LnB0XC9zaXRlXC93cC1jb250ZW50XC91cGxvYWRzXC8yMDI0XC8wNVwvMl9FeHAyNUFicmlsLXNjYWxlZC5qcGciLCJzbGlkZXNob3ciOiIwZGRmN2YxIn0%3D\" href=\"https:\/\/i0.wp.com\/agvcercal.edu.gov.pt\/site\/wp-content\/uploads\/2024\/05\/2_Exp25Abril-scaled.jpg?ssl=1\"><img data-recalc-dims=\"1\" loading=\"lazy\" width=\"150\" height=\"150\" src=\"https:\/\/i0.wp.com\/agvcercal.edu.gov.pt\/site\/wp-content\/uploads\/2024\/05\/2_Exp25Abril.jpg?resize=150%2C150&#038;ssl=1\" alt=\"\" decoding=\"async\" srcset=\"https:\/\/agvcercal.edu.gov.pt\/site\/wp-content\/uploads\/2024\/05\/2_Exp25Abril-150x150.jpg 150w, https:\/\/agvcercal.edu.gov.pt\/site\/wp-content\/uploads\/2024\/05\/2_Exp25Abril-300x300.jpg 300w, https:\/\/agvcercal.edu.gov.pt\/site\/wp-content\/uploads\/2024\/05\/2_Exp25Abril-1024x1024.jpg 1024w, https:\/\/agvcercal.edu.gov.pt\/site\/wp-content\/uploads\/2024\/05\/2_Exp25Abril-768x768.jpg 768w\" sizes=\"auto, (max-width: 150px) 100vw, 150px\" \/><\/a>\n\t\t\t<\/dt>\n<\/dl>\n<dl class='gallery-item'>\n<dt class='gallery-icon portrait'>\n\t\t\t\t<a data-elementor-open-lightbox=\"yes\" data-elementor-lightbox-slideshow=\"0ddf7f1\" data-elementor-lightbox-title=\"3_Crachas\" data-e-action-hash=\"#elementor-action%3Aaction%3Dlightbox%26settings%3DeyJpZCI6ODMwNCwidXJsIjoiaHR0cHM6XC9cL2FndmNlcmNhbC5lZHUuZ292LnB0XC9zaXRlXC93cC1jb250ZW50XC91cGxvYWRzXC8yMDI0XC8wNVwvM19DcmFjaGFzLXNjYWxlZC5qcGciLCJzbGlkZXNob3ciOiIwZGRmN2YxIn0%3D\" href=\"https:\/\/i0.wp.com\/agvcercal.edu.gov.pt\/site\/wp-content\/uploads\/2024\/05\/3_Crachas-scaled.jpg?ssl=1\"><img data-recalc-dims=\"1\" loading=\"lazy\" width=\"150\" height=\"150\" src=\"https:\/\/i0.wp.com\/agvcercal.edu.gov.pt\/site\/wp-content\/uploads\/2024\/05\/3_Crachas.jpg?resize=150%2C150&#038;ssl=1\" alt=\"\" decoding=\"async\" srcset=\"https:\/\/agvcercal.edu.gov.pt\/site\/wp-content\/uploads\/2024\/05\/3_Crachas-150x150.jpg 150w, https:\/\/agvcercal.edu.gov.pt\/site\/wp-content\/uploads\/2024\/05\/3_Crachas-300x300.jpg 300w, https:\/\/agvcercal.edu.gov.pt\/site\/wp-content\/uploads\/2024\/05\/3_Crachas-1024x1024.jpg 1024w, https:\/\/agvcercal.edu.gov.pt\/site\/wp-content\/uploads\/2024\/05\/3_Crachas-768x768.jpg 768w\" sizes=\"auto, (max-width: 150px) 100vw, 150px\" \/><\/a>\n\t\t\t<\/dt>\n<\/dl>\n<dl class='gallery-item'>\n<dt class='gallery-icon portrait'>\n\t\t\t\t<a data-elementor-open-lightbox=\"yes\" data-elementor-lightbox-slideshow=\"0ddf7f1\" data-elementor-lightbox-title=\"4_PeddyLIB\" data-e-action-hash=\"#elementor-action%3Aaction%3Dlightbox%26settings%3DeyJpZCI6ODMwNiwidXJsIjoiaHR0cHM6XC9cL2FndmNlcmNhbC5lZHUuZ292LnB0XC9zaXRlXC93cC1jb250ZW50XC91cGxvYWRzXC8yMDI0XC8wNVwvNF9QZWRkeUxJQi1zY2FsZWQuanBnIiwic2xpZGVzaG93IjoiMGRkZjdmMSJ9\" href=\"https:\/\/i0.wp.com\/agvcercal.edu.gov.pt\/site\/wp-content\/uploads\/2024\/05\/4_PeddyLIB-scaled.jpg?ssl=1\"><img data-recalc-dims=\"1\" loading=\"lazy\" width=\"150\" height=\"150\" src=\"https:\/\/i0.wp.com\/agvcercal.edu.gov.pt\/site\/wp-content\/uploads\/2024\/05\/4_PeddyLIB.jpg?resize=150%2C150&#038;ssl=1\" alt=\"\" decoding=\"async\" srcset=\"https:\/\/agvcercal.edu.gov.pt\/site\/wp-content\/uploads\/2024\/05\/4_PeddyLIB-150x150.jpg 150w, https:\/\/agvcercal.edu.gov.pt\/site\/wp-content\/uploads\/2024\/05\/4_PeddyLIB-300x300.jpg 300w, https:\/\/agvcercal.edu.gov.pt\/site\/wp-content\/uploads\/2024\/05\/4_PeddyLIB-1024x1024.jpg 1024w, https:\/\/agvcercal.edu.gov.pt\/site\/wp-content\/uploads\/2024\/05\/4_PeddyLIB-768x768.jpg 768w\" sizes=\"auto, (max-width: 150px) 100vw, 150px\" \/><\/a>\n\t\t\t<\/dt>\n<\/dl>\n<p><br style=\"clear: both\" \/><\/p>\n<dl class='gallery-item'>\n<dt class='gallery-icon landscape'>\n\t\t\t\t<a data-elementor-open-lightbox=\"yes\" data-elementor-lightbox-slideshow=\"0ddf7f1\" data-elementor-lightbox-title=\"5_PeddyLIB\" data-e-action-hash=\"#elementor-action%3Aaction%3Dlightbox%26settings%3DeyJpZCI6ODMwNywidXJsIjoiaHR0cHM6XC9cL2FndmNlcmNhbC5lZHUuZ292LnB0XC9zaXRlXC93cC1jb250ZW50XC91cGxvYWRzXC8yMDI0XC8wNVwvNV9QZWRkeUxJQi1zY2FsZWQuanBnIiwic2xpZGVzaG93IjoiMGRkZjdmMSJ9\" href=\"https:\/\/i0.wp.com\/agvcercal.edu.gov.pt\/site\/wp-content\/uploads\/2024\/05\/5_PeddyLIB-scaled.jpg?ssl=1\"><img data-recalc-dims=\"1\" loading=\"lazy\" width=\"150\" height=\"150\" src=\"https:\/\/i0.wp.com\/agvcercal.edu.gov.pt\/site\/wp-content\/uploads\/2024\/05\/5_PeddyLIB.jpg?resize=150%2C150&#038;ssl=1\" alt=\"\" decoding=\"async\" srcset=\"https:\/\/agvcercal.edu.gov.pt\/site\/wp-content\/uploads\/2024\/05\/5_PeddyLIB-150x150.jpg 150w, https:\/\/agvcercal.edu.gov.pt\/site\/wp-content\/uploads\/2024\/05\/5_PeddyLIB-300x300.jpg 300w, https:\/\/agvcercal.edu.gov.pt\/site\/wp-content\/uploads\/2024\/05\/5_PeddyLIB-1024x1024.jpg 1024w, https:\/\/agvcercal.edu.gov.pt\/site\/wp-content\/uploads\/2024\/05\/5_PeddyLIB-768x768.jpg 768w\" sizes=\"auto, (max-width: 150px) 100vw, 150px\" \/><\/a>\n\t\t\t<\/dt>\n<\/dl>\n<dl class='gallery-item'>\n<dt class='gallery-icon landscape'>\n\t\t\t\t<a data-elementor-open-lightbox=\"yes\" data-elementor-lightbox-slideshow=\"0ddf7f1\" data-elementor-lightbox-title=\"6_PeddyLIB\" data-e-action-hash=\"#elementor-action%3Aaction%3Dlightbox%26settings%3DeyJpZCI6ODMwOCwidXJsIjoiaHR0cHM6XC9cL2FndmNlcmNhbC5lZHUuZ292LnB0XC9zaXRlXC93cC1jb250ZW50XC91cGxvYWRzXC8yMDI0XC8wNVwvNl9QZWRkeUxJQi1zY2FsZWQuanBnIiwic2xpZGVzaG93IjoiMGRkZjdmMSJ9\" href=\"https:\/\/i0.wp.com\/agvcercal.edu.gov.pt\/site\/wp-content\/uploads\/2024\/05\/6_PeddyLIB-scaled.jpg?ssl=1\"><img data-recalc-dims=\"1\" loading=\"lazy\" width=\"150\" height=\"150\" src=\"https:\/\/i0.wp.com\/agvcercal.edu.gov.pt\/site\/wp-content\/uploads\/2024\/05\/6_PeddyLIB.jpg?resize=150%2C150&#038;ssl=1\" alt=\"\" decoding=\"async\" srcset=\"https:\/\/agvcercal.edu.gov.pt\/site\/wp-content\/uploads\/2024\/05\/6_PeddyLIB-150x150.jpg 150w, https:\/\/agvcercal.edu.gov.pt\/site\/wp-content\/uploads\/2024\/05\/6_PeddyLIB-300x300.jpg 300w, https:\/\/agvcercal.edu.gov.pt\/site\/wp-content\/uploads\/2024\/05\/6_PeddyLIB-1024x1024.jpg 1024w, https:\/\/agvcercal.edu.gov.pt\/site\/wp-content\/uploads\/2024\/05\/6_PeddyLIB-768x768.jpg 768w\" sizes=\"auto, (max-width: 150px) 100vw, 150px\" \/><\/a>\n\t\t\t<\/dt>\n<\/dl>\n<dl class='gallery-item'>\n<dt class='gallery-icon landscape'>\n\t\t\t\t<a data-elementor-open-lightbox=\"yes\" data-elementor-lightbox-slideshow=\"0ddf7f1\" data-elementor-lightbox-title=\"7_PeddyLIB\" data-e-action-hash=\"#elementor-action%3Aaction%3Dlightbox%26settings%3DeyJpZCI6ODMwOSwidXJsIjoiaHR0cHM6XC9cL2FndmNlcmNhbC5lZHUuZ292LnB0XC9zaXRlXC93cC1jb250ZW50XC91cGxvYWRzXC8yMDI0XC8wNVwvN19QZWRkeUxJQi1zY2FsZWQuanBnIiwic2xpZGVzaG93IjoiMGRkZjdmMSJ9\" href=\"https:\/\/i0.wp.com\/agvcercal.edu.gov.pt\/site\/wp-content\/uploads\/2024\/05\/7_PeddyLIB-scaled.jpg?ssl=1\"><img data-recalc-dims=\"1\" loading=\"lazy\" width=\"150\" height=\"150\" src=\"https:\/\/i0.wp.com\/agvcercal.edu.gov.pt\/site\/wp-content\/uploads\/2024\/05\/7_PeddyLIB.jpg?resize=150%2C150&#038;ssl=1\" alt=\"\" decoding=\"async\" srcset=\"https:\/\/agvcercal.edu.gov.pt\/site\/wp-content\/uploads\/2024\/05\/7_PeddyLIB-150x150.jpg 150w, https:\/\/agvcercal.edu.gov.pt\/site\/wp-content\/uploads\/2024\/05\/7_PeddyLIB-300x300.jpg 300w, https:\/\/agvcercal.edu.gov.pt\/site\/wp-content\/uploads\/2024\/05\/7_PeddyLIB-1024x1024.jpg 1024w, https:\/\/agvcercal.edu.gov.pt\/site\/wp-content\/uploads\/2024\/05\/7_PeddyLIB-768x768.jpg 768w\" sizes=\"auto, (max-width: 150px) 100vw, 150px\" \/><\/a>\n\t\t\t<\/dt>\n<\/dl>\n<dl class='gallery-item'>\n<dt class='gallery-icon portrait'>\n\t\t\t\t<a data-elementor-open-lightbox=\"yes\" data-elementor-lightbox-slideshow=\"0ddf7f1\" data-elementor-lightbox-title=\"9_ExpEst\" data-e-action-hash=\"#elementor-action%3Aaction%3Dlightbox%26settings%3DeyJpZCI6ODMxMCwidXJsIjoiaHR0cHM6XC9cL2FndmNlcmNhbC5lZHUuZ292LnB0XC9zaXRlXC93cC1jb250ZW50XC91cGxvYWRzXC8yMDI0XC8wNVwvOV9FeHBFc3Qtc2NhbGVkLmpwZyIsInNsaWRlc2hvdyI6IjBkZGY3ZjEifQ%3D%3D\" href=\"https:\/\/i0.wp.com\/agvcercal.edu.gov.pt\/site\/wp-content\/uploads\/2024\/05\/9_ExpEst-scaled.jpg?ssl=1\"><img data-recalc-dims=\"1\" loading=\"lazy\" width=\"150\" height=\"150\" src=\"https:\/\/i0.wp.com\/agvcercal.edu.gov.pt\/site\/wp-content\/uploads\/2024\/05\/9_ExpEst.jpg?resize=150%2C150&#038;ssl=1\" alt=\"\" decoding=\"async\" srcset=\"https:\/\/agvcercal.edu.gov.pt\/site\/wp-content\/uploads\/2024\/05\/9_ExpEst-150x150.jpg 150w, https:\/\/agvcercal.edu.gov.pt\/site\/wp-content\/uploads\/2024\/05\/9_ExpEst-300x300.jpg 300w, https:\/\/agvcercal.edu.gov.pt\/site\/wp-content\/uploads\/2024\/05\/9_ExpEst-1024x1024.jpg 1024w, https:\/\/agvcercal.edu.gov.pt\/site\/wp-content\/uploads\/2024\/05\/9_ExpEst-768x768.jpg 768w\" sizes=\"auto, (max-width: 150px) 100vw, 150px\" \/><\/a>\n\t\t\t<\/dt>\n<\/dl>\n<p><br style=\"clear: both\" \/><\/p>\n<dl class='gallery-item'>\n<dt class='gallery-icon portrait'>\n\t\t\t\t<a data-elementor-open-lightbox=\"yes\" data-elementor-lightbox-slideshow=\"0ddf7f1\" data-elementor-lightbox-title=\"10_ExpAbrilgr\" data-e-action-hash=\"#elementor-action%3Aaction%3Dlightbox%26settings%3DeyJpZCI6ODMxMSwidXJsIjoiaHR0cHM6XC9cL2FndmNlcmNhbC5lZHUuZ292LnB0XC9zaXRlXC93cC1jb250ZW50XC91cGxvYWRzXC8yMDI0XC8wNVwvMTBfRXhwQWJyaWxnci1zY2FsZWQuanBnIiwic2xpZGVzaG93IjoiMGRkZjdmMSJ9\" href=\"https:\/\/i0.wp.com\/agvcercal.edu.gov.pt\/site\/wp-content\/uploads\/2024\/05\/10_ExpAbrilgr-scaled.jpg?ssl=1\"><img data-recalc-dims=\"1\" loading=\"lazy\" width=\"150\" height=\"150\" src=\"https:\/\/i0.wp.com\/agvcercal.edu.gov.pt\/site\/wp-content\/uploads\/2024\/05\/10_ExpAbrilgr.jpg?resize=150%2C150&#038;ssl=1\" alt=\"\" decoding=\"async\" srcset=\"https:\/\/agvcercal.edu.gov.pt\/site\/wp-content\/uploads\/2024\/05\/10_ExpAbrilgr-150x150.jpg 150w, https:\/\/agvcercal.edu.gov.pt\/site\/wp-content\/uploads\/2024\/05\/10_ExpAbrilgr-300x300.jpg 300w, https:\/\/agvcercal.edu.gov.pt\/site\/wp-content\/uploads\/2024\/05\/10_ExpAbrilgr-1024x1024.jpg 1024w, https:\/\/agvcercal.edu.gov.pt\/site\/wp-content\/uploads\/2024\/05\/10_ExpAbrilgr-768x768.jpg 768w\" sizes=\"auto, (max-width: 150px) 100vw, 150px\" \/><\/a>\n\t\t\t<\/dt>\n<\/dl>\n<dl class='gallery-item'>\n<dt class='gallery-icon landscape'>\n\t\t\t\t<a data-elementor-open-lightbox=\"yes\" data-elementor-lightbox-slideshow=\"0ddf7f1\" data-elementor-lightbox-title=\"11_ExpAbrilgr\" data-e-action-hash=\"#elementor-action%3Aaction%3Dlightbox%26settings%3DeyJpZCI6ODMxMiwidXJsIjoiaHR0cHM6XC9cL2FndmNlcmNhbC5lZHUuZ292LnB0XC9zaXRlXC93cC1jb250ZW50XC91cGxvYWRzXC8yMDI0XC8wNVwvMTFfRXhwQWJyaWxnci1zY2FsZWQuanBnIiwic2xpZGVzaG93IjoiMGRkZjdmMSJ9\" href=\"https:\/\/i0.wp.com\/agvcercal.edu.gov.pt\/site\/wp-content\/uploads\/2024\/05\/11_ExpAbrilgr-scaled.jpg?ssl=1\"><img data-recalc-dims=\"1\" loading=\"lazy\" width=\"150\" height=\"150\" src=\"https:\/\/i0.wp.com\/agvcercal.edu.gov.pt\/site\/wp-content\/uploads\/2024\/05\/11_ExpAbrilgr.jpg?resize=150%2C150&#038;ssl=1\" alt=\"\" decoding=\"async\" srcset=\"https:\/\/agvcercal.edu.gov.pt\/site\/wp-content\/uploads\/2024\/05\/11_ExpAbrilgr-150x150.jpg 150w, https:\/\/agvcercal.edu.gov.pt\/site\/wp-content\/uploads\/2024\/05\/11_ExpAbrilgr-300x300.jpg 300w, https:\/\/agvcercal.edu.gov.pt\/site\/wp-content\/uploads\/2024\/05\/11_ExpAbrilgr-1024x1024.jpg 1024w, https:\/\/agvcercal.edu.gov.pt\/site\/wp-content\/uploads\/2024\/05\/11_ExpAbrilgr-768x768.jpg 768w\" sizes=\"auto, (max-width: 150px) 100vw, 150px\" \/><\/a>\n\t\t\t<\/dt>\n<\/dl>\n<dl class='gallery-item'>\n<dt class='gallery-icon landscape'>\n\t\t\t\t<a data-elementor-open-lightbox=\"yes\" data-elementor-lightbox-slideshow=\"0ddf7f1\" data-elementor-lightbox-title=\"12_ExpPARAALEMguerra\" data-e-action-hash=\"#elementor-action%3Aaction%3Dlightbox%26settings%3DeyJpZCI6ODMxMywidXJsIjoiaHR0cHM6XC9cL2FndmNlcmNhbC5lZHUuZ292LnB0XC9zaXRlXC93cC1jb250ZW50XC91cGxvYWRzXC8yMDI0XC8wNVwvMTJfRXhwUEFSQUFMRU1ndWVycmEtc2NhbGVkLmpwZyIsInNsaWRlc2hvdyI6IjBkZGY3ZjEifQ%3D%3D\" href=\"https:\/\/i0.wp.com\/agvcercal.edu.gov.pt\/site\/wp-content\/uploads\/2024\/05\/12_ExpPARAALEMguerra-scaled.jpg?ssl=1\"><img data-recalc-dims=\"1\" loading=\"lazy\" width=\"150\" height=\"150\" src=\"https:\/\/i0.wp.com\/agvcercal.edu.gov.pt\/site\/wp-content\/uploads\/2024\/05\/12_ExpPARAALEMguerra.jpg?resize=150%2C150&#038;ssl=1\" alt=\"\" decoding=\"async\" srcset=\"https:\/\/agvcercal.edu.gov.pt\/site\/wp-content\/uploads\/2024\/05\/12_ExpPARAALEMguerra-150x150.jpg 150w, https:\/\/agvcercal.edu.gov.pt\/site\/wp-content\/uploads\/2024\/05\/12_ExpPARAALEMguerra-300x300.jpg 300w, https:\/\/agvcercal.edu.gov.pt\/site\/wp-content\/uploads\/2024\/05\/12_ExpPARAALEMguerra-1024x1024.jpg 1024w, https:\/\/agvcercal.edu.gov.pt\/site\/wp-content\/uploads\/2024\/05\/12_ExpPARAALEMguerra-768x768.jpg 768w\" sizes=\"auto, (max-width: 150px) 100vw, 150px\" \/><\/a>\n\t\t\t<\/dt>\n<\/dl>\n<dl class='gallery-item'>\n<dt class='gallery-icon landscape'>\n\t\t\t\t<a data-elementor-open-lightbox=\"yes\" data-elementor-lightbox-slideshow=\"0ddf7f1\" data-elementor-lightbox-title=\"12_PeddyLIB\" data-e-action-hash=\"#elementor-action%3Aaction%3Dlightbox%26settings%3DeyJpZCI6ODMxNCwidXJsIjoiaHR0cHM6XC9cL2FndmNlcmNhbC5lZHUuZ292LnB0XC9zaXRlXC93cC1jb250ZW50XC91cGxvYWRzXC8yMDI0XC8wNVwvMTJfUGVkZHlMSUItc2NhbGVkLmpwZyIsInNsaWRlc2hvdyI6IjBkZGY3ZjEifQ%3D%3D\" href=\"https:\/\/i0.wp.com\/agvcercal.edu.gov.pt\/site\/wp-content\/uploads\/2024\/05\/12_PeddyLIB-scaled.jpg?ssl=1\"><img data-recalc-dims=\"1\" loading=\"lazy\" width=\"150\" height=\"150\" src=\"https:\/\/i0.wp.com\/agvcercal.edu.gov.pt\/site\/wp-content\/uploads\/2024\/05\/12_PeddyLIB.jpg?resize=150%2C150&#038;ssl=1\" alt=\"\" decoding=\"async\" srcset=\"https:\/\/agvcercal.edu.gov.pt\/site\/wp-content\/uploads\/2024\/05\/12_PeddyLIB-150x150.jpg 150w, https:\/\/agvcercal.edu.gov.pt\/site\/wp-content\/uploads\/2024\/05\/12_PeddyLIB-300x300.jpg 300w, https:\/\/agvcercal.edu.gov.pt\/site\/wp-content\/uploads\/2024\/05\/12_PeddyLIB-1024x1024.jpg 1024w, https:\/\/agvcercal.edu.gov.pt\/site\/wp-content\/uploads\/2024\/05\/12_PeddyLIB-768x768.jpg 768w\" sizes=\"auto, (max-width: 150px) 100vw, 150px\" \/><\/a>\n\t\t\t<\/dt>\n<\/dl>\n<p><br style=\"clear: both\" \/><\/p>\n<dl class='gallery-item'>\n<dt class='gallery-icon landscape'>\n\t\t\t\t<a data-elementor-open-lightbox=\"yes\" data-elementor-lightbox-slideshow=\"0ddf7f1\" data-elementor-lightbox-title=\"13_PeddyLIB\" data-e-action-hash=\"#elementor-action%3Aaction%3Dlightbox%26settings%3DeyJpZCI6ODMxNSwidXJsIjoiaHR0cHM6XC9cL2FndmNlcmNhbC5lZHUuZ292LnB0XC9zaXRlXC93cC1jb250ZW50XC91cGxvYWRzXC8yMDI0XC8wNVwvMTNfUGVkZHlMSUItc2NhbGVkLmpwZyIsInNsaWRlc2hvdyI6IjBkZGY3ZjEifQ%3D%3D\" href=\"https:\/\/i0.wp.com\/agvcercal.edu.gov.pt\/site\/wp-content\/uploads\/2024\/05\/13_PeddyLIB-scaled.jpg?ssl=1\"><img data-recalc-dims=\"1\" loading=\"lazy\" width=\"150\" height=\"150\" src=\"https:\/\/i0.wp.com\/agvcercal.edu.gov.pt\/site\/wp-content\/uploads\/2024\/05\/13_PeddyLIB.jpg?resize=150%2C150&#038;ssl=1\" alt=\"\" decoding=\"async\" srcset=\"https:\/\/agvcercal.edu.gov.pt\/site\/wp-content\/uploads\/2024\/05\/13_PeddyLIB-150x150.jpg 150w, https:\/\/agvcercal.edu.gov.pt\/site\/wp-content\/uploads\/2024\/05\/13_PeddyLIB-300x300.jpg 300w, https:\/\/agvcercal.edu.gov.pt\/site\/wp-content\/uploads\/2024\/05\/13_PeddyLIB-1024x1024.jpg 1024w, https:\/\/agvcercal.edu.gov.pt\/site\/wp-content\/uploads\/2024\/05\/13_PeddyLIB-768x768.jpg 768w\" sizes=\"auto, (max-width: 150px) 100vw, 150px\" \/><\/a>\n\t\t\t<\/dt>\n<\/dl>\n<dl class='gallery-item'>\n<dt class='gallery-icon landscape'>\n\t\t\t\t<a data-elementor-open-lightbox=\"yes\" data-elementor-lightbox-slideshow=\"0ddf7f1\" data-elementor-lightbox-title=\"14_PeddyLIB\" data-e-action-hash=\"#elementor-action%3Aaction%3Dlightbox%26settings%3DeyJpZCI6ODMxNiwidXJsIjoiaHR0cHM6XC9cL2FndmNlcmNhbC5lZHUuZ292LnB0XC9zaXRlXC93cC1jb250ZW50XC91cGxvYWRzXC8yMDI0XC8wNVwvMTRfUGVkZHlMSUItc2NhbGVkLmpwZyIsInNsaWRlc2hvdyI6IjBkZGY3ZjEifQ%3D%3D\" href=\"https:\/\/i0.wp.com\/agvcercal.edu.gov.pt\/site\/wp-content\/uploads\/2024\/05\/14_PeddyLIB-scaled.jpg?ssl=1\"><img data-recalc-dims=\"1\" loading=\"lazy\" width=\"150\" height=\"150\" src=\"https:\/\/i0.wp.com\/agvcercal.edu.gov.pt\/site\/wp-content\/uploads\/2024\/05\/14_PeddyLIB.jpg?resize=150%2C150&#038;ssl=1\" alt=\"\" decoding=\"async\" srcset=\"https:\/\/agvcercal.edu.gov.pt\/site\/wp-content\/uploads\/2024\/05\/14_PeddyLIB-150x150.jpg 150w, https:\/\/agvcercal.edu.gov.pt\/site\/wp-content\/uploads\/2024\/05\/14_PeddyLIB-300x300.jpg 300w, https:\/\/agvcercal.edu.gov.pt\/site\/wp-content\/uploads\/2024\/05\/14_PeddyLIB-1024x1024.jpg 1024w, https:\/\/agvcercal.edu.gov.pt\/site\/wp-content\/uploads\/2024\/05\/14_PeddyLIB-768x768.jpg 768w\" sizes=\"auto, (max-width: 150px) 100vw, 150px\" \/><\/a>\n\t\t\t<\/dt>\n<\/dl>\n<dl class='gallery-item'>\n<dt class='gallery-icon landscape'>\n\t\t\t\t<a data-elementor-open-lightbox=\"yes\" data-elementor-lightbox-slideshow=\"0ddf7f1\" data-elementor-lightbox-title=\"16_PeddyLIB_Premios\" data-e-action-hash=\"#elementor-action%3Aaction%3Dlightbox%26settings%3DeyJpZCI6ODMxNywidXJsIjoiaHR0cHM6XC9cL2FndmNlcmNhbC5lZHUuZ292LnB0XC9zaXRlXC93cC1jb250ZW50XC91cGxvYWRzXC8yMDI0XC8wNVwvMTZfUGVkZHlMSUJfUHJlbWlvcy0xLmpwZyIsInNsaWRlc2hvdyI6IjBkZGY3ZjEifQ%3D%3D\" href=\"https:\/\/i0.wp.com\/agvcercal.edu.gov.pt\/site\/wp-content\/uploads\/2024\/05\/16_PeddyLIB_Premios-1.jpg?ssl=1\"><img data-recalc-dims=\"1\" loading=\"lazy\" width=\"150\" height=\"150\" src=\"https:\/\/i0.wp.com\/agvcercal.edu.gov.pt\/site\/wp-content\/uploads\/2024\/05\/16_PeddyLIB_Premios-1.jpg?resize=150%2C150&#038;ssl=1\" alt=\"\" decoding=\"async\" srcset=\"https:\/\/agvcercal.edu.gov.pt\/site\/wp-content\/uploads\/2024\/05\/16_PeddyLIB_Premios-1-150x150.jpg 150w, https:\/\/agvcercal.edu.gov.pt\/site\/wp-content\/uploads\/2024\/05\/16_PeddyLIB_Premios-1-300x300.jpg 300w, https:\/\/agvcercal.edu.gov.pt\/site\/wp-content\/uploads\/2024\/05\/16_PeddyLIB_Premios-1-1024x1024.jpg 1024w, https:\/\/agvcercal.edu.gov.pt\/site\/wp-content\/uploads\/2024\/05\/16_PeddyLIB_Premios-1-768x768.jpg 768w\" sizes=\"auto, (max-width: 150px) 100vw, 150px\" \/><\/a>\n\t\t\t<\/dt>\n<\/dl>\n<dl class='gallery-item'>\n<dt class='gallery-icon portrait'>\n\t\t\t\t<a data-elementor-open-lightbox=\"yes\" data-elementor-lightbox-slideshow=\"0ddf7f1\" data-elementor-lightbox-title=\"17_PeddyLIB_Premios\" data-e-action-hash=\"#elementor-action%3Aaction%3Dlightbox%26settings%3DeyJpZCI6ODMxOCwidXJsIjoiaHR0cHM6XC9cL2FndmNlcmNhbC5lZHUuZ292LnB0XC9zaXRlXC93cC1jb250ZW50XC91cGxvYWRzXC8yMDI0XC8wNVwvMTdfUGVkZHlMSUJfUHJlbWlvcy5qcGciLCJzbGlkZXNob3ciOiIwZGRmN2YxIn0%3D\" href=\"https:\/\/i0.wp.com\/agvcercal.edu.gov.pt\/site\/wp-content\/uploads\/2024\/05\/17_PeddyLIB_Premios.jpg?ssl=1\"><img data-recalc-dims=\"1\" loading=\"lazy\" width=\"150\" height=\"150\" src=\"https:\/\/i0.wp.com\/agvcercal.edu.gov.pt\/site\/wp-content\/uploads\/2024\/05\/17_PeddyLIB_Premios.jpg?resize=150%2C150&#038;ssl=1\" alt=\"\" decoding=\"async\" srcset=\"https:\/\/agvcercal.edu.gov.pt\/site\/wp-content\/uploads\/2024\/05\/17_PeddyLIB_Premios-150x150.jpg 150w, https:\/\/agvcercal.edu.gov.pt\/site\/wp-content\/uploads\/2024\/05\/17_PeddyLIB_Premios-300x300.jpg 300w, https:\/\/agvcercal.edu.gov.pt\/site\/wp-content\/uploads\/2024\/05\/17_PeddyLIB_Premios-1024x1024.jpg 1024w, https:\/\/agvcercal.edu.gov.pt\/site\/wp-content\/uploads\/2024\/05\/17_PeddyLIB_Premios-768x768.jpg 768w\" sizes=\"auto, (max-width: 150px) 100vw, 150px\" \/><\/a>\n\t\t\t<\/dt>\n<\/dl>\n<p><br style=\"clear: both\" \/><\/p>\n<dl class='gallery-item'>\n<dt class='gallery-icon portrait'>\n\t\t\t\t<a data-elementor-open-lightbox=\"yes\" data-elementor-lightbox-slideshow=\"0ddf7f1\" data-elementor-lightbox-title=\"18_PeddyLIB_Premios\" data-e-action-hash=\"#elementor-action%3Aaction%3Dlightbox%26settings%3DeyJpZCI6ODMxOSwidXJsIjoiaHR0cHM6XC9cL2FndmNlcmNhbC5lZHUuZ292LnB0XC9zaXRlXC93cC1jb250ZW50XC91cGxvYWRzXC8yMDI0XC8wNVwvMThfUGVkZHlMSUJfUHJlbWlvcy5qcGciLCJzbGlkZXNob3ciOiIwZGRmN2YxIn0%3D\" href=\"https:\/\/i0.wp.com\/agvcercal.edu.gov.pt\/site\/wp-content\/uploads\/2024\/05\/18_PeddyLIB_Premios.jpg?ssl=1\"><img data-recalc-dims=\"1\" loading=\"lazy\" width=\"150\" height=\"150\" src=\"https:\/\/i0.wp.com\/agvcercal.edu.gov.pt\/site\/wp-content\/uploads\/2024\/05\/18_PeddyLIB_Premios.jpg?resize=150%2C150&#038;ssl=1\" alt=\"\" decoding=\"async\" srcset=\"https:\/\/agvcercal.edu.gov.pt\/site\/wp-content\/uploads\/2024\/05\/18_PeddyLIB_Premios-150x150.jpg 150w, https:\/\/agvcercal.edu.gov.pt\/site\/wp-content\/uploads\/2024\/05\/18_PeddyLIB_Premios-300x300.jpg 300w, https:\/\/agvcercal.edu.gov.pt\/site\/wp-content\/uploads\/2024\/05\/18_PeddyLIB_Premios-1024x1024.jpg 1024w, https:\/\/agvcercal.edu.gov.pt\/site\/wp-content\/uploads\/2024\/05\/18_PeddyLIB_Premios-768x768.jpg 768w\" sizes=\"auto, (max-width: 150px) 100vw, 150px\" \/><\/a>\n\t\t\t<\/dt>\n<\/dl>\n<dl class='gallery-item'>\n<dt class='gallery-icon portrait'>\n\t\t\t\t<a data-elementor-open-lightbox=\"yes\" data-elementor-lightbox-slideshow=\"0ddf7f1\" data-elementor-lightbox-title=\"19_Certificados\" data-e-action-hash=\"#elementor-action%3Aaction%3Dlightbox%26settings%3DeyJpZCI6ODMyMCwidXJsIjoiaHR0cHM6XC9cL2FndmNlcmNhbC5lZHUuZ292LnB0XC9zaXRlXC93cC1jb250ZW50XC91cGxvYWRzXC8yMDI0XC8wNVwvMTlfQ2VydGlmaWNhZG9zLmpwZyIsInNsaWRlc2hvdyI6IjBkZGY3ZjEifQ%3D%3D\" href=\"https:\/\/i0.wp.com\/agvcercal.edu.gov.pt\/site\/wp-content\/uploads\/2024\/05\/19_Certificados.jpg?ssl=1\"><img data-recalc-dims=\"1\" loading=\"lazy\" width=\"150\" height=\"150\" src=\"https:\/\/i0.wp.com\/agvcercal.edu.gov.pt\/site\/wp-content\/uploads\/2024\/05\/19_Certificados.jpg?resize=150%2C150&#038;ssl=1\" alt=\"\" decoding=\"async\" srcset=\"https:\/\/agvcercal.edu.gov.pt\/site\/wp-content\/uploads\/2024\/05\/19_Certificados-150x150.jpg 150w, https:\/\/agvcercal.edu.gov.pt\/site\/wp-content\/uploads\/2024\/05\/19_Certificados-300x300.jpg 300w, https:\/\/agvcercal.edu.gov.pt\/site\/wp-content\/uploads\/2024\/05\/19_Certificados.jpg 621w\" sizes=\"auto, (max-width: 150px) 100vw, 150px\" \/><\/a>\n\t\t\t<\/dt>\n<\/dl>\n<p>\t\t\t<br style='clear: both' \/><\/p>\n","protected":false},"excerpt":{"rendered":"<p>Os 50 anos do 25 de Abril foram comemorados na Escola sede do Agrupamento. Desde janeiro que os alunos dos 2\u00ba e 3\u00ba ciclos foram realizando trabalhos no \u00e2mbito do Projeto da RBE &#8220;ABRIL DEPOIS DE ABRIL&#8221;. Leram, observaram, refletiram, debateram e criaram trabalhos sobre a Liberdade e o 25 de Abril, salientando as diferen\u00e7as [&hellip;]<\/p>\n","protected":false},"author":1,"featured_media":8300,"comment_status":"closed","ping_status":"open","sticky":false,"template":"","format":"standard","meta":{"_jetpack_memberships_contains_paid_content":false,"footnotes":""},"categories":[343],"tags":[525,344,527],"class_list":["post-8299","post","type-post","status-publish","format-standard","has-post-thumbnail","hentry","category-atividades","tag-50-anos-do-25-de-abril","tag-atividades","tag-projeto-rbe"],"jetpack_featured_media_url":"https:\/\/i0.wp.com\/agvcercal.edu.gov.pt\/site\/wp-content\/uploads\/2024\/05\/16_PeddyLIB_Premios.jpg?fit=2048%2C1536&ssl=1","jetpack-related-posts":[],"jetpack_sharing_enabled":true,"_links":{"self":[{"href":"https:\/\/agvcercal.edu.gov.pt\/site\/wp-json\/wp\/v2\/posts\/8299","targetHints":{"allow":["GET"]}}],"collection":[{"href":"https:\/\/agvcercal.edu.gov.pt\/site\/wp-json\/wp\/v2\/posts"}],"about":[{"href":"https:\/\/agvcercal.edu.gov.pt\/site\/wp-json\/wp\/v2\/types\/post"}],"author":[{"embeddable":true,"href":"https:\/\/agvcercal.edu.gov.pt\/site\/wp-json\/wp\/v2\/users\/1"}],"replies":[{"embeddable":true,"href":"https:\/\/agvcercal.edu.gov.pt\/site\/wp-json\/wp\/v2\/comments?post=8299"}],"version-history":[{"count":5,"href":"https:\/\/agvcercal.edu.gov.pt\/site\/wp-json\/wp\/v2\/posts\/8299\/revisions"}],"predecessor-version":[{"id":8323,"href":"https:\/\/agvcercal.edu.gov.pt\/site\/wp-json\/wp\/v2\/posts\/8299\/revisions\/8323"}],"wp:featuredmedia":[{"embeddable":true,"href":"https:\/\/agvcercal.edu.gov.pt\/site\/wp-json\/wp\/v2\/media\/8300"}],"wp:attachment":[{"href":"https:\/\/agvcercal.edu.gov.pt\/site\/wp-json\/wp\/v2\/media?parent=8299"}],"wp:term":[{"taxonomy":"category","embeddable":true,"href":"https:\/\/agvcercal.edu.gov.pt\/site\/wp-json\/wp\/v2\/categories?post=8299"},{"taxonomy":"post_tag","embeddable":true,"href":"https:\/\/agvcercal.edu.gov.pt\/site\/wp-json\/wp\/v2\/tags?post=8299"}],"curies":[{"name":"wp","href":"https:\/\/api.w.org\/{rel}","templated":true}]}}