{"id":9372,"date":"2025-03-27T10:30:34","date_gmt":"2025-03-27T10:30:34","guid":{"rendered":"https:\/\/agvcercal.edu.gov.pt\/site\/?p=9372"},"modified":"2025-03-27T10:42:04","modified_gmt":"2025-03-27T10:42:04","slug":"procedimento-concursal-previo-a-eleicao-doa-diretora","status":"publish","type":"post","link":"https:\/\/agvcercal.edu.gov.pt\/site\/procedimento-concursal-previo-a-eleicao-doa-diretora\/","title":{"rendered":"Procedimento concursal pr\u00e9vio \u00e0 elei\u00e7\u00e3o do(a) Diretor(a)"},"content":{"rendered":"<p>Informa\u00e7\u00f5es e documentos necess\u00e1rios para o procedimento concursal \u00e0 elei\u00e7\u00e3o do(a) Diretor(a).<\/p>\n<p><a href=\"https:\/\/agvcercal.edu.gov.pt\/site\/wp-content\/uploads\/2025\/03\/aviso-no-7987-2025-2-de-26-de-marco.pdf\"><strong>Aviso n\u00ba-7987-2025-2 de 26 de mar\u00e7o<\/strong><\/a><\/p>\n<p><a href=\"https:\/\/agvcercal.edu.gov.pt\/site\/wp-content\/uploads\/2025\/03\/Declaracao-de-consentimeto-de-tratamento-de-dados.pdf\"><strong>Declara\u00e7\u00e3o de consentimento de tratamento de dados<\/strong><\/a><\/p>\n<p><a href=\"https:\/\/agvcercal.edu.gov.pt\/site\/wp-content\/uploads\/2025\/03\/Parametros-e-Criterios-de-avaliacao.pdf\"><strong>Par\u00e2metros e Crit\u00e9rios de avalia\u00e7\u00e3o<\/strong><\/a><\/p>\n<p><a href=\"https:\/\/agvcercal.edu.gov.pt\/site\/wp-content\/uploads\/2025\/03\/Regulamento-do-processo-concursal.pdf\"><strong>Regulamento do processo concursal<\/strong><\/a><\/p>\n<p><a href=\"https:\/\/agvcercal.edu.gov.pt\/site\/wp-content\/uploads\/2025\/03\/Requerimento-de-candidatura-Editavel.docx\"><strong>Requerimento de candidatura &#8211; Edit\u00e1vel<\/strong><\/a><\/p>\n<p><a href=\"https:\/\/agvcercal.edu.gov.pt\/site\/wp-content\/uploads\/2025\/03\/Requerimento-de-candidatura.pdf\"><strong>Requerimento de candidatura<\/strong><\/a><\/p>\n","protected":false},"excerpt":{"rendered":"<p>Informa\u00e7\u00f5es e documentos necess\u00e1rios para o procedimento concursal \u00e0 elei\u00e7\u00e3o do(a) Diretor(a). Aviso n\u00ba-7987-2025-2 de 26 de mar\u00e7o Declara\u00e7\u00e3o de consentimento de tratamento de dados Par\u00e2metros e Crit\u00e9rios de avalia\u00e7\u00e3o Regulamento do processo concursal Requerimento de candidatura &#8211; Edit\u00e1vel Requerimento de candidatura<\/p>\n","protected":false},"author":1,"featured_media":5071,"comment_status":"closed","ping_status":"open","sticky":false,"template":"","format":"standard","meta":{"_jetpack_memberships_contains_paid_content":false,"footnotes":""},"categories":[353],"tags":[405,368,581,582],"class_list":["post-9372","post","type-post","status-publish","format-standard","has-post-thumbnail","hentry","category-comunicados","tag-agrupamento","tag-comunicados","tag-concurso-diretor","tag-procedimento-concursal"],"jetpack_featured_media_url":"https:\/\/i0.wp.com\/agvcercal.edu.gov.pt\/site\/wp-content\/uploads\/2021\/10\/pexels-yan-krukov-8613319.jpg?fit=1920%2C1280&ssl=1","jetpack-related-posts":[],"jetpack_sharing_enabled":true,"_links":{"self":[{"href":"https:\/\/agvcercal.edu.gov.pt\/site\/wp-json\/wp\/v2\/posts\/9372","targetHints":{"allow":["GET"]}}],"collection":[{"href":"https:\/\/agvcercal.edu.gov.pt\/site\/wp-json\/wp\/v2\/posts"}],"about":[{"href":"https:\/\/agvcercal.edu.gov.pt\/site\/wp-json\/wp\/v2\/types\/post"}],"author":[{"embeddable":true,"href":"https:\/\/agvcercal.edu.gov.pt\/site\/wp-json\/wp\/v2\/users\/1"}],"replies":[{"embeddable":true,"href":"https:\/\/agvcercal.edu.gov.pt\/site\/wp-json\/wp\/v2\/comments?post=9372"}],"version-history":[{"count":4,"href":"https:\/\/agvcercal.edu.gov.pt\/site\/wp-json\/wp\/v2\/posts\/9372\/revisions"}],"predecessor-version":[{"id":9382,"href":"https:\/\/agvcercal.edu.gov.pt\/site\/wp-json\/wp\/v2\/posts\/9372\/revisions\/9382"}],"wp:featuredmedia":[{"embeddable":true,"href":"https:\/\/agvcercal.edu.gov.pt\/site\/wp-json\/wp\/v2\/media\/5071"}],"wp:attachment":[{"href":"https:\/\/agvcercal.edu.gov.pt\/site\/wp-json\/wp\/v2\/media?parent=9372"}],"wp:term":[{"taxonomy":"category","embeddable":true,"href":"https:\/\/agvcercal.edu.gov.pt\/site\/wp-json\/wp\/v2\/categories?post=9372"},{"taxonomy":"post_tag","embeddable":true,"href":"https:\/\/agvcercal.edu.gov.pt\/site\/wp-json\/wp\/v2\/tags?post=9372"}],"curies":[{"name":"wp","href":"https:\/\/api.w.org\/{rel}","templated":true}]}}