{"id":9533,"date":"2025-05-14T11:01:50","date_gmt":"2025-05-14T11:01:50","guid":{"rendered":"https:\/\/agvcercal.edu.gov.pt\/site\/?p=9533"},"modified":"2025-05-14T11:03:35","modified_gmt":"2025-05-14T11:03:35","slug":"a-viagem-de-finalistas-do-magnifico-9-oa","status":"publish","type":"post","link":"https:\/\/agvcercal.edu.gov.pt\/site\/a-viagem-de-finalistas-do-magnifico-9-oa\/","title":{"rendered":"A VIAGEM DE FINALISTAS DO &#8220;MAGN\u00cdFICO&#8221;\u00a0 9.\u00baA"},"content":{"rendered":"<p>1.\u00aa Dia \u2013 23 de abril<\/p>\n<p>\u00a0\u00a0\u00a0\u00a0\u00a0\u00a0\u00a0\u00a0\u00a0\u00a0\u00a0\u00a0\u00a0\u00a0\u00a0 A partida do Cercal foi \u00e0s 7h00 da manh\u00e3 para Ermidas dosado para apanhar o comboio que nos levaria at\u00e9 \u00e0 Gare do Oriente. O incr\u00edvel professor Fl\u00e1vio acompanhou-nos desde este momento e s\u00f3 nos deixou no regresso. At\u00e9 Santa Apol\u00f3nia ainda apanh\u00e1mos outro comboio. Aqui, larg\u00e1mos as malas (muitas!!! O Martim levou roupa para desfilar uma semana&#x1f60a;!!!). visit\u00e1mos o Lact\u00e1rio (\u00e9 um museu sobre o fornecimento de leite a crian\u00e7as necessitadas de Alfama e onde existiam condi\u00e7\u00f5es excecionais, inclusive havia uma vacaria para garantir a alta qualidade do leite fornecido). O almo\u00e7o no MacDonalds deu-nos energia para a visita ao museu seguinte (!!!), o Museu do Design (que como o nome diz, apresenta objetos do quotidiano e moda).<\/p>\n<p>\u00a0\u00a0\u00a0\u00a0\u00a0\u00a0\u00a0\u00a0\u00a0\u00a0\u00a0\u00a0\u00a0\u00a0\u00a0 Na chegada ao MyCamp fomos muito bem acolhidos pelos monitores: a Sousa, a Carolina e o Diogo. Estiveram connosco sempre e foram essenciais para que nos divert\u00edssemos e estiv\u00e9ssemos completamente integrados. Depois de visitado o espa\u00e7o onde iriamos permanecer 5 dias, fizemos uma atividade noturna, a \u201cCa\u00e7a ao Monitor\u201d. \u00a0\u00a0<\/p>\n<p>\u00a0 \u00a0\u00a0<\/p>\n<p>2.\u00aa Dia \u2013 24 de abril<\/p>\n<p>O dia come\u00e7ou com um pequeno-almo\u00e7o nutritivo (foram todas as refei\u00e7\u00f5es)\u00a0 e animado (acompanhado com m\u00fasica e coreografias, sempre).<\/p>\n<p>Seguimos para o Slide da Amizade (vejam as fotos) e ainda deslizamos, depois de ensaboados, na lona.<\/p>\n<p>\u00c0 tarde, piscina!!!<\/p>\n<p>\u00a0<\/p>\n<p>3.\u00aa Dia \u2013 25 de abril<\/p>\n<p>\u00a0\u00a0\u00a0\u00a0\u00a0\u00a0\u00a0\u00a0\u00a0\u00a0\u00a0\u00a0\u00a0\u00a0\u00a0 Dia de water-games. Al\u00e9m da piscina, fizemos escalada e uma atividade muito divertida que consistiu em proteger um ovo que depois era lan\u00e7ado de uma torre. Podemos gabar-nos que as duas equipas conseguiram o feito de lan\u00e7ar o ovo e este n\u00e3o se quebrar (N\u00e3o vamos partilhar as estrat\u00e9gias &#x1f60a;!) Os nossos monitores ficaram muito espantados e como pr\u00e9mio, podemos partir os ovos na cabe\u00e7a deles!!!<\/p>\n<p>\u00a0<\/p>\n<p>\u00a0<\/p>\n<p>4.\u00aa Dia \u2013 26 de abril<\/p>\n<p>\u00a0\u00a0\u00a0\u00a0\u00a0\u00a0\u00a0\u00a0\u00a0\u00a0\u00a0\u00a0\u00a0\u00a0\u00a0 O dia da Revolu\u00e7\u00e3o passou-se com atividades de arborismo e na piscina.\u00a0 Tamb\u00e9m fizemos High Ropes e pass\u00e1mos o resto da tarde na piscina, uns na \u00e1gua, \u00a0<\/p>\n<p>outros a apanhar sol ou a jogar futebol. A piscina tinha escorregas e essa foi outra atividade de que disfrut\u00e1mos todos os dias.<\/p>\n<p>Ap\u00f3s o jantar, fizemos Slide de 4 pessoas, com pulseiras coloridas, coladas ao corpo. Ainda houve muita energia para a discoteca.<\/p>\n<p>\u00a0<\/p>\n<p>5.\u00aa Dia \u2013 27 de abril<\/p>\n<p>\u00a0\u00a0\u00a0\u00a0\u00a0\u00a0\u00a0\u00a0\u00a0\u00a0\u00a0\u00a0\u00a0\u00a0\u00a0 Arrumar as malas \u00e9 sempre uma tarefa dif\u00edcil: procurar as coisas que fomos largando, verificar se nada ficou nos quartos, as despedidas dos monitores \u2026<\/p>\n<p>\u00a0\u00a0\u00a0\u00a0\u00a0\u00a0\u00a0\u00a0\u00a0\u00a0\u00a0\u00a0\u00a0\u00a0\u00a0 Depois das malas feitas, fomos saltar, <strong>todos juntos<\/strong>, \u00e0 corda e tivemos ainda de passar entre pneus e n\u00e3o lhes tocar. Estava muito calor e ainda podemos aproveitar a piscina para uns mergulhos.<\/p>\n<p>\u00a0\u00a0\u00a0\u00a0\u00a0\u00a0\u00a0\u00a0\u00a0\u00a0\u00a0\u00a0\u00a0\u00a0\u00a0 \u00c0 tarde, comemos o habitual gelado, ap\u00f3s o almo\u00e7o e fizemos a atividade Roleta de Cores. Aqui foi mesmo o fim: os monitores ofereceram a cada um de n\u00f3s\u00a0 uma pulseira do MyCamp, deixando-nos cheios de saudades, e, ap\u00f3s o lanche, regressamos.\u00a0 O professor Fl\u00e1vio e \u00a0a professora Rosa l\u00e1 nos trouxeram s\u00e3os e salvos at\u00e9 casa, ap\u00f3s estes dias t\u00e3o divertidos e que ficar\u00e3o para sempre nas nossas mem\u00f3rias.<\/p>\n<p>Alexandre Santos, Ana Sousa, Beatriz Candeias, Carolina Luz, Ema Carrilo, Francisco Santos, In\u00eas Raposo, Jo\u00e3o Matos, Maria Teresa, Alves, Marina Guerreiro, Martim Pereira, N\u00faria Henriques, Tiago Franco, Tom\u00e1s Costa\u00a0\u00a0<\/p>\n<style type=\"text\/css\">\n\t\t\t#gallery-3 {\n\t\t\t\tmargin: auto;\n\t\t\t}\n\t\t\t#gallery-3 .gallery-item {\n\t\t\t\tfloat: left;\n\t\t\t\tmargin-top: 10px;\n\t\t\t\ttext-align: center;\n\t\t\t\twidth: 25%;\n\t\t\t}\n\t\t\t#gallery-3 img {\n\t\t\t\tborder: 2px solid #cfcfcf;\n\t\t\t}\n\t\t\t#gallery-3 .gallery-caption {\n\t\t\t\tmargin-left: 0;\n\t\t\t}\n\t\t\t\/* see gallery_shortcode() in wp-includes\/media.php *\/\n\t\t<\/style>\n<dl class='gallery-item'>\n<dt class='gallery-icon landscape'>\n\t\t\t\t<a data-elementor-open-lightbox=\"yes\" data-elementor-lightbox-slideshow=\"b3682ca\" data-elementor-lightbox-title=\"2\" data-e-action-hash=\"#elementor-action%3Aaction%3Dlightbox%26settings%3DeyJpZCI6OTUzNiwidXJsIjoiaHR0cHM6XC9cL2FndmNlcmNhbC5lZHUuZ292LnB0XC9zaXRlXC93cC1jb250ZW50XC91cGxvYWRzXC8yMDI1XC8wNVwvMi5qcGciLCJzbGlkZXNob3ciOiJiMzY4MmNhIn0%3D\" href=\"https:\/\/i0.wp.com\/agvcercal.edu.gov.pt\/site\/wp-content\/uploads\/2025\/05\/2.jpg?ssl=1\"><img data-recalc-dims=\"1\" loading=\"lazy\" width=\"150\" height=\"150\" src=\"https:\/\/i0.wp.com\/agvcercal.edu.gov.pt\/site\/wp-content\/uploads\/2025\/05\/2.jpg?resize=150%2C150&#038;ssl=1\" alt=\"\" decoding=\"async\" srcset=\"https:\/\/agvcercal.edu.gov.pt\/site\/wp-content\/uploads\/2025\/05\/2-150x150.jpg 150w, https:\/\/agvcercal.edu.gov.pt\/site\/wp-content\/uploads\/2025\/05\/2-300x300.jpg 300w\" sizes=\"auto, (max-width: 150px) 100vw, 150px\" \/><\/a>\n\t\t\t<\/dt>\n<\/dl>\n<p>\t\t\t<br style='clear: both' \/><\/p>\n","protected":false},"excerpt":{"rendered":"<p>1.\u00aa Dia \u2013 23 de abril \u00a0\u00a0\u00a0\u00a0\u00a0\u00a0\u00a0\u00a0\u00a0\u00a0\u00a0\u00a0\u00a0\u00a0\u00a0 A partida do Cercal foi \u00e0s 7h00 da manh\u00e3 para Ermidas dosado para apanhar o comboio que nos levaria at\u00e9 \u00e0 Gare do Oriente. O incr\u00edvel professor Fl\u00e1vio acompanhou-nos desde este momento e s\u00f3 nos deixou no regresso. At\u00e9 Santa Apol\u00f3nia ainda apanh\u00e1mos outro comboio. Aqui, larg\u00e1mos as [&hellip;]<\/p>\n","protected":false},"author":1,"featured_media":9534,"comment_status":"closed","ping_status":"open","sticky":false,"template":"","format":"standard","meta":{"_jetpack_memberships_contains_paid_content":false,"footnotes":""},"categories":[343],"tags":[398,344,597],"class_list":["post-9533","post","type-post","status-publish","format-standard","has-post-thumbnail","hentry","category-atividades","tag-9o-ano","tag-atividades","tag-viagem-de-finalistas"],"jetpack_featured_media_url":"https:\/\/i0.wp.com\/agvcercal.edu.gov.pt\/site\/wp-content\/uploads\/2025\/05\/1.jpg?fit=1200%2C717&ssl=1","jetpack-related-posts":[],"jetpack_sharing_enabled":true,"_links":{"self":[{"href":"https:\/\/agvcercal.edu.gov.pt\/site\/wp-json\/wp\/v2\/posts\/9533","targetHints":{"allow":["GET"]}}],"collection":[{"href":"https:\/\/agvcercal.edu.gov.pt\/site\/wp-json\/wp\/v2\/posts"}],"about":[{"href":"https:\/\/agvcercal.edu.gov.pt\/site\/wp-json\/wp\/v2\/types\/post"}],"author":[{"embeddable":true,"href":"https:\/\/agvcercal.edu.gov.pt\/site\/wp-json\/wp\/v2\/users\/1"}],"replies":[{"embeddable":true,"href":"https:\/\/agvcercal.edu.gov.pt\/site\/wp-json\/wp\/v2\/comments?post=9533"}],"version-history":[{"count":4,"href":"https:\/\/agvcercal.edu.gov.pt\/site\/wp-json\/wp\/v2\/posts\/9533\/revisions"}],"predecessor-version":[{"id":9539,"href":"https:\/\/agvcercal.edu.gov.pt\/site\/wp-json\/wp\/v2\/posts\/9533\/revisions\/9539"}],"wp:featuredmedia":[{"embeddable":true,"href":"https:\/\/agvcercal.edu.gov.pt\/site\/wp-json\/wp\/v2\/media\/9534"}],"wp:attachment":[{"href":"https:\/\/agvcercal.edu.gov.pt\/site\/wp-json\/wp\/v2\/media?parent=9533"}],"wp:term":[{"taxonomy":"category","embeddable":true,"href":"https:\/\/agvcercal.edu.gov.pt\/site\/wp-json\/wp\/v2\/categories?post=9533"},{"taxonomy":"post_tag","embeddable":true,"href":"https:\/\/agvcercal.edu.gov.pt\/site\/wp-json\/wp\/v2\/tags?post=9533"}],"curies":[{"name":"wp","href":"https:\/\/api.w.org\/{rel}","templated":true}]}}