{"id":9683,"date":"2025-05-22T13:12:48","date_gmt":"2025-05-22T13:12:48","guid":{"rendered":"https:\/\/agvcercal.edu.gov.pt\/site\/?p=9683"},"modified":"2025-05-22T13:17:39","modified_gmt":"2025-05-22T13:17:39","slug":"semana-arco-iris-veste-as-cores-durante-a-semana","status":"publish","type":"post","link":"https:\/\/agvcercal.edu.gov.pt\/site\/semana-arco-iris-veste-as-cores-durante-a-semana\/","title":{"rendered":"Semana Arco-\u00edris &#8211; Veste as cores durante a semana de 26 a 30 de maio"},"content":{"rendered":"<p>A Equipa Multidisciplinar de Apoio \u00e0 Educa\u00e7\u00e3o Inclusiva (EMAEI) convida toda a comunidade educativa e toda a popula\u00e7\u00e3o local a participar na <strong>Semana Arco-\u00edris 2025<\/strong>&nbsp;com o objetivo de alertar para um mundo mais inclusivo e para a igualdade na diversidade.<\/p>\n<p>Vamos assinalar cada dia da semana, vestindo uma pe\u00e7a de roupa ou usando um adere\u00e7o, com a cor atribu\u00edda ao dia.<\/p>\n<p><strong>Semana Arco-\u00edris 2025<\/strong><\/p>\n<p>JUNTA-TE A N\u00d3S por um mundo mais INCLUSIVO.<\/p>\n<p>De 26 de maio a 30 de maio de 2025<\/p>\n<p>segunda &#8211; azul&nbsp;<\/p>\n<p>ter\u00e7a &#8211; laranja\/amarelo<\/p>\n<p>quarta &#8211; vermelho<\/p>\n<p>quinta &#8211; verde<\/p>\n<p>sexta &#8211; branco<\/p>\n<p>Durante esta semana seremos iguais na cor de cada dia e na vontade de ultrapassar desafios!<\/p>\n<p>Partilha connosco a fotografia neste PADLET, identificando-a com o teu nome ou o nome da escola ou o ano e a turma ou o local onde foi tirada:<\/p>\n<p><a href=\"https:\/\/padlet.com\/agvcercal\/semana-arco-ris-2025-m4knxphphkcip4b4\">Semana Arco-\u00edris 2025<\/a><\/p>\n<p>Deixo aqui o PADLET 2024, da nossa escola:<\/p>\n<p><a href=\"https:\/\/bit.ly\/3UOohvr\" data-ogsc=\"\" data-linkindex=\"0\" data-auth=\"NotApplicable\">https:\/\/bit.ly\/3UOohvr<\/a><\/p>\n<p>Aqui fica o link do Youtube com o resumo da semana Arco-\u00edris 2024, de todos os agrupamentos envolvidos:<\/p>\n<p><a href=\"https:\/\/www.youtube.com\/watch?v=wiUwCbmHuIg\">Semana Arco \u00edris 2024<\/a><\/p>\n<p>Este ano, somos mais agrupamentos a participar nesta atividade. Vamos colaborar!!!<\/p>\n<p>\t\t\t\t\t\t\t\t\t\t\t\t\t<img data-recalc-dims=\"1\" loading=\"lazy\" decoding=\"async\" width=\"1024\" height=\"1024\" src=\"https:\/\/i0.wp.com\/agvcercal.edu.gov.pt\/site\/wp-content\/uploads\/2025\/05\/Estendal_2025_page-0001.jpg?resize=1024%2C1024&#038;ssl=1\" alt=\"\" srcset=\"https:\/\/agvcercal.edu.gov.pt\/site\/wp-content\/uploads\/2025\/05\/Estendal_2025_page-0001-1024x1024.jpg 1024w, https:\/\/agvcercal.edu.gov.pt\/site\/wp-content\/uploads\/2025\/05\/Estendal_2025_page-0001-300x300.jpg 300w, https:\/\/agvcercal.edu.gov.pt\/site\/wp-content\/uploads\/2025\/05\/Estendal_2025_page-0001-150x150.jpg 150w, https:\/\/agvcercal.edu.gov.pt\/site\/wp-content\/uploads\/2025\/05\/Estendal_2025_page-0001-768x768.jpg 768w\" sizes=\"auto, (max-width: 1024px) 100vw, 1024px\" \/><\/p>\n","protected":false},"excerpt":{"rendered":"<p>A Equipa Multidisciplinar de Apoio \u00e0 Educa\u00e7\u00e3o Inclusiva (EMAEI) convida toda a comunidade educativa e toda a popula\u00e7\u00e3o local a participar na Semana Arco-\u00edris 2025&nbsp;com o objetivo de alertar para um mundo mais inclusivo e para a igualdade na diversidade. Vamos assinalar cada dia da semana, vestindo uma pe\u00e7a de roupa ou usando um adere\u00e7o, [&hellip;]<\/p>\n","protected":false},"author":1,"featured_media":9684,"comment_status":"closed","ping_status":"open","sticky":false,"template":"","format":"standard","meta":{"_jetpack_memberships_contains_paid_content":false,"footnotes":""},"categories":[343],"tags":[344,602,601],"class_list":["post-9683","post","type-post","status-publish","format-standard","has-post-thumbnail","hentry","category-atividades","tag-atividades","tag-emaei","tag-semana-arco-iris"],"jetpack_featured_media_url":"https:\/\/i0.wp.com\/agvcercal.edu.gov.pt\/site\/wp-content\/uploads\/2025\/05\/Semana-Arco-iris-25.jpg?fit=704%2C311&ssl=1","jetpack-related-posts":[],"jetpack_sharing_enabled":true,"_links":{"self":[{"href":"https:\/\/agvcercal.edu.gov.pt\/site\/wp-json\/wp\/v2\/posts\/9683","targetHints":{"allow":["GET"]}}],"collection":[{"href":"https:\/\/agvcercal.edu.gov.pt\/site\/wp-json\/wp\/v2\/posts"}],"about":[{"href":"https:\/\/agvcercal.edu.gov.pt\/site\/wp-json\/wp\/v2\/types\/post"}],"author":[{"embeddable":true,"href":"https:\/\/agvcercal.edu.gov.pt\/site\/wp-json\/wp\/v2\/users\/1"}],"replies":[{"embeddable":true,"href":"https:\/\/agvcercal.edu.gov.pt\/site\/wp-json\/wp\/v2\/comments?post=9683"}],"version-history":[{"count":8,"href":"https:\/\/agvcercal.edu.gov.pt\/site\/wp-json\/wp\/v2\/posts\/9683\/revisions"}],"predecessor-version":[{"id":9693,"href":"https:\/\/agvcercal.edu.gov.pt\/site\/wp-json\/wp\/v2\/posts\/9683\/revisions\/9693"}],"wp:featuredmedia":[{"embeddable":true,"href":"https:\/\/agvcercal.edu.gov.pt\/site\/wp-json\/wp\/v2\/media\/9684"}],"wp:attachment":[{"href":"https:\/\/agvcercal.edu.gov.pt\/site\/wp-json\/wp\/v2\/media?parent=9683"}],"wp:term":[{"taxonomy":"category","embeddable":true,"href":"https:\/\/agvcercal.edu.gov.pt\/site\/wp-json\/wp\/v2\/categories?post=9683"},{"taxonomy":"post_tag","embeddable":true,"href":"https:\/\/agvcercal.edu.gov.pt\/site\/wp-json\/wp\/v2\/tags?post=9683"}],"curies":[{"name":"wp","href":"https:\/\/api.w.org\/{rel}","templated":true}]}}