{"id":9782,"date":"2025-06-09T11:13:47","date_gmt":"2025-06-09T11:13:47","guid":{"rendered":"https:\/\/agvcercal.edu.gov.pt\/site\/?p=9782"},"modified":"2025-06-09T11:14:24","modified_gmt":"2025-06-09T11:14:24","slug":"clube-de-leitura-ler-para-o-futuro-ultima-sessao","status":"publish","type":"post","link":"https:\/\/agvcercal.edu.gov.pt\/site\/clube-de-leitura-ler-para-o-futuro-ultima-sessao\/","title":{"rendered":"Clube de Leitura \u201cLer para o Futuro\u201d &#8211; \u00faltima sess\u00e3o"},"content":{"rendered":"<p>Prestes a terminar o ano letivo, \u00e9 hora balan\u00e7os e avalia\u00e7\u00f5es. Na passada quarta-feira realizou-se a \u00faltima sess\u00e3o do Clube de Leitura \u201cLer para o Futuro\u201d, esta denomina\u00e7\u00e3o, bem escolhida pelos alunos, revelou empenho,\u00a0 dedica\u00e7\u00e3o, criatividade e uma boa \u00a0gest\u00e3o do tempo livre dos alunos ao longo do ano letivo. Nas suas Autoavalia\u00e7\u00f5es consideraram uma mais-valia as atividades promovidas pelo Clube, quer nos resultados escolares, quer no interesse pela leitura, pelo que gostariam de manter o Clube para o pr\u00f3ximo ano letivo.<\/p>\n<p>A Biblioteca Escolar deseja umas excelentes f\u00e9rias na companhia das fam\u00edlias, dos amigos e de um livro!!!<\/p>\n<p>Rosinda Delmiro<\/p>\n<p>Professora bibliotec\u00e1ria<\/p>\n","protected":false},"excerpt":{"rendered":"<p>Prestes a terminar o ano letivo, \u00e9 hora balan\u00e7os e avalia\u00e7\u00f5es. Na passada quarta-feira realizou-se a \u00faltima sess\u00e3o do Clube de Leitura \u201cLer para o Futuro\u201d, esta denomina\u00e7\u00e3o, bem escolhida pelos alunos, revelou empenho,\u00a0 dedica\u00e7\u00e3o, criatividade e uma boa \u00a0gest\u00e3o do tempo livre dos alunos ao longo do ano letivo. Nas suas Autoavalia\u00e7\u00f5es consideraram uma [&hellip;]<\/p>\n","protected":false},"author":1,"featured_media":9783,"comment_status":"closed","ping_status":"open","sticky":false,"template":"","format":"standard","meta":{"_jetpack_memberships_contains_paid_content":false,"footnotes":""},"categories":[343],"tags":[344,357,604],"class_list":["post-9782","post","type-post","status-publish","format-standard","has-post-thumbnail","hentry","category-atividades","tag-atividades","tag-biblioteca-escolar","tag-clube-de-leitura"],"jetpack_featured_media_url":"https:\/\/i0.wp.com\/agvcercal.edu.gov.pt\/site\/wp-content\/uploads\/2025\/06\/ultima-sessao-1-scaled.jpg?fit=2560%2C1707&ssl=1","jetpack-related-posts":[],"jetpack_sharing_enabled":true,"_links":{"self":[{"href":"https:\/\/agvcercal.edu.gov.pt\/site\/wp-json\/wp\/v2\/posts\/9782","targetHints":{"allow":["GET"]}}],"collection":[{"href":"https:\/\/agvcercal.edu.gov.pt\/site\/wp-json\/wp\/v2\/posts"}],"about":[{"href":"https:\/\/agvcercal.edu.gov.pt\/site\/wp-json\/wp\/v2\/types\/post"}],"author":[{"embeddable":true,"href":"https:\/\/agvcercal.edu.gov.pt\/site\/wp-json\/wp\/v2\/users\/1"}],"replies":[{"embeddable":true,"href":"https:\/\/agvcercal.edu.gov.pt\/site\/wp-json\/wp\/v2\/comments?post=9782"}],"version-history":[{"count":4,"href":"https:\/\/agvcercal.edu.gov.pt\/site\/wp-json\/wp\/v2\/posts\/9782\/revisions"}],"predecessor-version":[{"id":9787,"href":"https:\/\/agvcercal.edu.gov.pt\/site\/wp-json\/wp\/v2\/posts\/9782\/revisions\/9787"}],"wp:featuredmedia":[{"embeddable":true,"href":"https:\/\/agvcercal.edu.gov.pt\/site\/wp-json\/wp\/v2\/media\/9783"}],"wp:attachment":[{"href":"https:\/\/agvcercal.edu.gov.pt\/site\/wp-json\/wp\/v2\/media?parent=9782"}],"wp:term":[{"taxonomy":"category","embeddable":true,"href":"https:\/\/agvcercal.edu.gov.pt\/site\/wp-json\/wp\/v2\/categories?post=9782"},{"taxonomy":"post_tag","embeddable":true,"href":"https:\/\/agvcercal.edu.gov.pt\/site\/wp-json\/wp\/v2\/tags?post=9782"}],"curies":[{"name":"wp","href":"https:\/\/api.w.org\/{rel}","templated":true}]}}