{"id":9799,"date":"2025-06-12T14:26:12","date_gmt":"2025-06-12T14:26:12","guid":{"rendered":"https:\/\/agvcercal.edu.gov.pt\/site\/?p=9799"},"modified":"2025-06-12T14:28:41","modified_gmt":"2025-06-12T14:28:41","slug":"avaliacao-externa-das-escolas-terceiro-ciclo-ano-letivo-de-2024-2025-relatorio-da-atividade","status":"publish","type":"post","link":"https:\/\/agvcercal.edu.gov.pt\/site\/avaliacao-externa-das-escolas-terceiro-ciclo-ano-letivo-de-2024-2025-relatorio-da-atividade\/","title":{"rendered":"AVALIA\u00c7\u00c3O EXTERNA DAS ESCOLAS &#8211; TERCEIRO CICLO &#8211; ANO LETIVO DE 2024\/2025 &#8211; Relat\u00f3rio da Atividade"},"content":{"rendered":"<p>Relat\u00f3rio de Avalia\u00e7\u00e3o Externa 2024-2025 &#8211; terceiro ciclo de avalia\u00e7\u00e3o por parte da Inspe\u00e7\u00e3o-Geral de Educa\u00e7\u00e3o e Ci\u00eancia.<\/p>\n<p>\t\t\t<a href=\"https:\/\/agvcercal.edu.gov.pt\/site\/wp-content\/uploads\/2025\/06\/SETUBAL_Santiago_Cacem_AEE_AE_Cercal_Alentejo_2024_2025_R_H.pdf\"><br \/>\n\t\t\t\t\t\t\t\t\tClique aqui<br \/>\n\t\t\t\t\t<\/a><\/p>\n","protected":false},"excerpt":{"rendered":"<p>Relat\u00f3rio de Avalia\u00e7\u00e3o Externa 2024-2025 &#8211; terceiro ciclo de avalia\u00e7\u00e3o por parte da Inspe\u00e7\u00e3o-Geral de Educa\u00e7\u00e3o e Ci\u00eancia. Clique aqui<\/p>\n","protected":false},"author":1,"featured_media":5071,"comment_status":"closed","ping_status":"open","sticky":false,"template":"","format":"standard","meta":{"_jetpack_memberships_contains_paid_content":false,"footnotes":""},"categories":[353],"tags":[605,368,606,607],"class_list":["post-9799","post","type-post","status-publish","format-standard","has-post-thumbnail","hentry","category-comunicados","tag-avaliacao-externa","tag-comunicados","tag-igec","tag-terceiro-ciclo-de-avaliacao-das-escolas"],"jetpack_featured_media_url":"https:\/\/i0.wp.com\/agvcercal.edu.gov.pt\/site\/wp-content\/uploads\/2021\/10\/pexels-yan-krukov-8613319.jpg?fit=1920%2C1280&ssl=1","jetpack-related-posts":[],"jetpack_sharing_enabled":true,"_links":{"self":[{"href":"https:\/\/agvcercal.edu.gov.pt\/site\/wp-json\/wp\/v2\/posts\/9799","targetHints":{"allow":["GET"]}}],"collection":[{"href":"https:\/\/agvcercal.edu.gov.pt\/site\/wp-json\/wp\/v2\/posts"}],"about":[{"href":"https:\/\/agvcercal.edu.gov.pt\/site\/wp-json\/wp\/v2\/types\/post"}],"author":[{"embeddable":true,"href":"https:\/\/agvcercal.edu.gov.pt\/site\/wp-json\/wp\/v2\/users\/1"}],"replies":[{"embeddable":true,"href":"https:\/\/agvcercal.edu.gov.pt\/site\/wp-json\/wp\/v2\/comments?post=9799"}],"version-history":[{"count":7,"href":"https:\/\/agvcercal.edu.gov.pt\/site\/wp-json\/wp\/v2\/posts\/9799\/revisions"}],"predecessor-version":[{"id":9806,"href":"https:\/\/agvcercal.edu.gov.pt\/site\/wp-json\/wp\/v2\/posts\/9799\/revisions\/9806"}],"wp:featuredmedia":[{"embeddable":true,"href":"https:\/\/agvcercal.edu.gov.pt\/site\/wp-json\/wp\/v2\/media\/5071"}],"wp:attachment":[{"href":"https:\/\/agvcercal.edu.gov.pt\/site\/wp-json\/wp\/v2\/media?parent=9799"}],"wp:term":[{"taxonomy":"category","embeddable":true,"href":"https:\/\/agvcercal.edu.gov.pt\/site\/wp-json\/wp\/v2\/categories?post=9799"},{"taxonomy":"post_tag","embeddable":true,"href":"https:\/\/agvcercal.edu.gov.pt\/site\/wp-json\/wp\/v2\/tags?post=9799"}],"curies":[{"name":"wp","href":"https:\/\/api.w.org\/{rel}","templated":true}]}}